{"id":12231,"date":"2019-02-04T21:35:09","date_gmt":"2019-02-05T03:35:09","guid":{"rendered":"http:\/\/www.plurinominal.com.mx\/?p=12231"},"modified":"2019-02-09T21:38:42","modified_gmt":"2019-02-10T03:38:42","slug":"urge-solucion-para-basurero-municipal","status":"publish","type":"post","link":"https:\/\/www.plurinominal.com.mx\/?p=12231","title":{"rendered":"Urge soluci\u00f3n para basurero municipal"},"content":{"rendered":"<ul>\n<li class=\"western\" lang=\"es-ES\"><em>Consultor ambientalista realiz\u00f3 recorrido junto con autoridades<\/em><\/li>\n<li class=\"western\" lang=\"es-ES\"><em>Relleno Sanitario de Manzanillas funcionar\u00eda de acuerdo a lineamientos para evitar foco de infecci\u00f3n<\/em><\/li>\n<li class=\"western\" lang=\"es-ES\"><em>Sellar\u00e1n basurero a cielo abierto junto a terrenos de feria<\/em><\/li>\n<\/ul>\n<p class=\"western\" lang=\"es-ES\" style=\"text-align: justify;\"><strong><span style=\"font-size: 10pt; font-family: 'trebuchet ms', geneva, sans-serif;\">Por BETO GUERRERO.-<\/span><\/strong>&nbsp;Autoridades municipales est\u00e1n dispuestas a resolver el problema del Relleno Sanitario, as\u00ed como en extinguir el tiradero a cielo abierto que se ubica en terrenos de feria, por lo que han solicitado el apoyo del Dr. Alfredo \u00c1vila Galarza, investigador y consultor ambientalista, con quien recorrieron ambos predios, el ubicado en Manzanillas como el que se encuentra a solo 500 metros de la cabecera municipal.<\/p>\n<p class=\"western\" lang=\"es-ES\" style=\"text-align: justify;\">A invitaci\u00f3n del Director de Ecolog\u00eda, Ricardo Cruz, as\u00ed como de la alcaldesa Mar\u00eda Leticia V\u00e1zquez Hern\u00e1ndez, este 2 de Febrero, el Dr. Alfredo \u00c1vila dijo a Plurinominal que se llev\u00f3 a cabo un diagn\u00f3stico en ambos lugares, con el fin de emitir una opini\u00f3n t\u00e9cnica.<\/p>\n<p class=\"western\" lang=\"es-ES\" style=\"text-align: justify;\">El profesionista reconoci\u00f3 que en Manzanillas no se actu\u00f3 de conformidad con la normatividad ambiental, lo que gener\u00f3 inconformidad entre vecinos, sin embargo se trabajar\u00e1 de acuerdo a las normas oficiales para evitar futuros impactos ambientales.<\/p>\n<p class=\"western\" lang=\"es-ES\" style=\"text-align: justify;\">En relaci\u00f3n al tiradero a cielo abierto, el Dr. Alfredo \u00c1vila dijo que este genera da\u00f1os en mantos acu\u00edferos, en la atm\u00f3sfera, adem\u00e1s de que se generan hordas de animales y bichos, que conducen microorganismos a pobladores, de ah\u00ed la importancia de clausurar este sitio y de trabajar en campa\u00f1as de concientizaci\u00f3n con la gente.<\/p>\n<p class=\"western\" lang=\"es-ES\" style=\"text-align: justify;\">Se trata de implementar un programa integral, que incluya la separaci\u00f3n de desechos desde el hogar, recolecci\u00f3n y manejo adecuados para disminuir el da\u00f1o que se genera al ecosistema.<\/p>\n<blockquote>\n<p lang=\"es-ES\"><strong><em>\u00abAl paso de los a\u00f1os se gener\u00f3 un foco de infecci\u00f3n, pero no solo en Manzanillas, sino a 500 metros de la cabecera municipal. No podemos esperar infecciones, es necesario sellar y que el lugar no vuelva a usarse como basurero\u00bb, dijo la presidente de Cerritos, quien reconoci\u00f3 que el resultado tambi\u00e9n depende del resultado que se pueda tener en relaci\u00f3n al presupuesto municipal, \u00abpues hasta ahora nadie le ha querido entrar\u00bb:&nbsp;<\/em><em>Lety V\u00e1zquez, presidente municipal de Cerritos.<\/em><\/strong><\/p>\n<\/blockquote>\n<p class=\"western\" lang=\"es-ES\" style=\"text-align: justify;\">\u00abLa autoridad municipal est\u00e1 interesada en actuar de acuerdo a la norma y conforme a lo se\u00f1alado en leyes ambientales del pa\u00eds, del estado y empatar esto con los reglamentos municipales\u00bb, dijo Alfredo \u00c1vila.<\/p>\n<p class=\"western\" lang=\"es-ES\" style=\"text-align: justify;\">Por su parte, la Lic. Mar\u00eda Leticia V\u00e1zquez Hern\u00e1ndez asegur\u00f3 que se entablar\u00e1n pl\u00e1ticas con la comunidad de Manzanillas para conseguir la reapertura del Relleno Sanitario.<\/p>\n<p class=\"western\" lang=\"es-ES\" style=\"text-align: justify;\">\u00abEn estos momentos se cumplen los ordenamientos que marca la normatividad de la SEGAM para comenzar de nuevo a operar el sitio como disposici\u00f3n final de la basura, pero lo de Manzanillas ser\u00eda una primera parte de la soluci\u00f3n al problema\u00bb, dijo la alcaldesa.<\/p>\n<p class=\"western\" lang=\"es-ES\" style=\"text-align: justify;\">Lety V\u00e1zquez se comprometi\u00f3 a que la basura tenga el manejo adecuado, utilizando maquinaria y personal capacitado, para que a diario se trabaje correctamente y se evite el foco de infecci\u00f3n que permitieron anteriores gobiernos.<\/p>\n<p class=\"western\" lang=\"es-ES\" style=\"text-align: justify;\">\u00abAl paso de los a\u00f1os se gener\u00f3 un foco de infecci\u00f3n, pero no solo en Manzanillas, sino a 500 metros de la cabecera municipal. No podemos esperar infecciones, es necesario sellar y que el lugar no vuelva a usarse como basurero\u00bb, dijo la presidente de Cerritos, quien reconoci\u00f3 que el resultado tambi\u00e9n depende del resultado que se pueda tener en relaci\u00f3n al presupuesto municipal, \u00abpues hasta ahora nadie le ha querido entrar\u00bb.<\/p>\n<p class=\"western\" lang=\"es-ES\" style=\"text-align: justify;\">Adelant\u00f3 pr\u00f3ximas campa\u00f1as ciudadanas con el fin de concientizar a la poblaci\u00f3n sobre el manejo de la basura, \u00abporque el no separar la basura desde la casa genera infecci\u00f3n, por eso apelo al criterio ciudadano, es un problema bien grande este que nos han dejado, as\u00ed como el drenaje, y tambi\u00e9n vamos a resolverlo, porque en apenas 4 meses de administraci\u00f3n se nos han colapsado dos calles, la Bol\u00edvar y Bocanegra, pero tenemos qu\u00e9 entrarle\u00bb, finaliz\u00f3 la alcaldesa.<\/p>\n<p class=\"western\" lang=\"es-ES\" style=\"text-align: justify;\">En el recorrido, acompa\u00f1aron a la alcaldesa adem\u00e1s del Dr. Alfredo \u00c1vila, funcionarios municipales e integrantes de Cabildo.<\/p>\n","protected":false},"excerpt":{"rendered":"<p>Autoridades municipales est\u00e1n dispuestas a resolver el problema del Relleno Sanitario, as\u00ed como en extinguir el tiradero a cielo abierto que se ubica en terrenos de feria, por lo que han solicitado el apoyo del Dr. Alfredo \u00c1vila Galarza, investigador y consultor ambientalista, con quien recorrieron ambos predios, el ubicado en Manzanillas como el que se encuentra a solo 500 metros de la cabecera municipal.<\/p>\n","protected":false},"author":1,"featured_media":12232,"comment_status":"closed","ping_status":"open","sticky":false,"template":"","format":"standard","meta":{"footnotes":""},"categories":[3,483,486],"tags":[],"class_list":["post-12231","post","type-post","status-publish","format-standard","has-post-thumbnail","hentry","category-cerritos","category-cultura","category-educacion","entry","simple"],"_links":{"self":[{"href":"https:\/\/www.plurinominal.com.mx\/index.php?rest_route=\/wp\/v2\/posts\/12231","targetHints":{"allow":["GET"]}}],"collection":[{"href":"https:\/\/www.plurinominal.com.mx\/index.php?rest_route=\/wp\/v2\/posts"}],"about":[{"href":"https:\/\/www.plurinominal.com.mx\/index.php?rest_route=\/wp\/v2\/types\/post"}],"author":[{"embeddable":true,"href":"https:\/\/www.plurinominal.com.mx\/index.php?rest_route=\/wp\/v2\/users\/1"}],"replies":[{"embeddable":true,"href":"https:\/\/www.plurinominal.com.mx\/index.php?rest_route=%2Fwp%2Fv2%2Fcomments&post=12231"}],"version-history":[{"count":0,"href":"https:\/\/www.plurinominal.com.mx\/index.php?rest_route=\/wp\/v2\/posts\/12231\/revisions"}],"wp:featuredmedia":[{"embeddable":true,"href":"https:\/\/www.plurinominal.com.mx\/index.php?rest_route=\/wp\/v2\/media\/12232"}],"wp:attachment":[{"href":"https:\/\/www.plurinominal.com.mx\/index.php?rest_route=%2Fwp%2Fv2%2Fmedia&parent=12231"}],"wp:term":[{"taxonomy":"category","embeddable":true,"href":"https:\/\/www.plurinominal.com.mx\/index.php?rest_route=%2Fwp%2Fv2%2Fcategories&post=12231"},{"taxonomy":"post_tag","embeddable":true,"href":"https:\/\/www.plurinominal.com.mx\/index.php?rest_route=%2Fwp%2Fv2%2Ftags&post=12231"}],"curies":[{"name":"wp","href":"https:\/\/api.w.org\/{rel}","templated":true}]}}