{"id":12247,"date":"2019-02-07T21:57:51","date_gmt":"2019-02-08T03:57:51","guid":{"rendered":"http:\/\/www.plurinominal.com.mx\/?p=12247"},"modified":"2019-02-09T22:01:26","modified_gmt":"2019-02-10T04:01:26","slug":"invitan-a-conferencia-especial","status":"publish","type":"post","link":"https:\/\/www.plurinominal.com.mx\/?p=12247","title":{"rendered":"Invitan a \u00abConferencia Especial\u00bb"},"content":{"rendered":"<ul>\n<li class=\"western\" lang=\"es-ES\"><em>Se tocar\u00e1n temas como \u00abLa visita del Se\u00f1or Jesucristo a Am\u00e9rica\u00bb, \u00abProfetas y ap\u00f3stoles en nuestros d\u00edas\u00bb, entre otros<\/em><\/li>\n<\/ul>\n<p class=\"western\" lang=\"es-ES\" style=\"text-align: justify;\"><strong><span style=\"font-family: 'trebuchet ms', geneva, sans-serif; font-size: 10pt;\">Por MARCO SERNA.-&nbsp;<\/span><\/strong>\u00abEl movimiento de los Santos de los \u00daltimos D\u00edas\u00bb, invita a Conferencia Especial que se llevar\u00e1 a cabo los d\u00edas 9 y 16 de febrero en la Sala Audiovisual.<\/p>\n<p class=\"western\" lang=\"es-ES\" style=\"text-align: justify;\">En esta reuni\u00f3n, se tocar\u00e1n temas como\u00bbLa fortaleza de las familias\u00bb; \u00abLa juventud\u00bb; \u00abGenealog\u00eda del amor por nuestros antepasados\u00bb; \u00abLa visita del Se\u00f1or Jesucristo a Am\u00e9rica\u00bb; \u00abLa Restauraci\u00f3n de la plenitud del Evangelio\u00bb; \u00abProfetas y ap\u00f3stoles en nuestros d\u00edas\u00bb, y \u00abTemplos y familias eternas\u00bb.<\/p>\n<p class=\"western\" lang=\"es-ES\" style=\"text-align: justify;\">Para quienes deseen mayor informaci\u00f3n, pueden enviar mensaje al 4441705527.<\/p>\n<p class=\"western\" lang=\"es-ES\" style=\"text-align: justify;\">\u00abEl movimiento de los Santos de los \u00daltimos D\u00edas\u00bb es una denominaci\u00f3n conformada por un grupo de iglesias cristianas escindidas a partir de la llamada Iglesia de Cristo, fundada por el estadounidense Joseph Smith en 1830.<\/p>\n<p class=\"western\" lang=\"es-ES\" style=\"text-align: justify;\">De acuerdo a Wikipedia, la base de su doctrina la constituyen la Biblia, el Libro de Morm\u00f3n y la recopilaci\u00f3n denominada Doctrina y Convenios.<\/p>\n<p class=\"western\" lang=\"es-ES\" style=\"text-align: justify;\">Las principales iglesias del movimiento son La Iglesia de Jesucristo de los Santos de los \u00daltimos D\u00edas, la Iglesia Fundamentalista de Jesucristo de los Santos de los \u00daltimos D\u00edas, la Comunidad de Cristo, y las Iglesias de Cristo del Terreno del Templo y Bickertonita.<\/p>\n","protected":false},"excerpt":{"rendered":"<p>En esta reuni\u00f3n, se tocar\u00e1n temas como\u00bbLa fortaleza de las familias\u00bb; \u00abLa juventud\u00bb; \u00abGenealog\u00eda del amor por nuestros antepasados\u00bb; \u00abLa visita del Se\u00f1or Jesucristo a Am\u00e9rica\u00bb; \u00abLa Restauraci\u00f3n de la plenitud del Evangelio\u00bb; \u00abProfetas y ap\u00f3stoles en nuestros d\u00edas\u00bb, y \u00abTemplos y familias eternas\u00bb.<\/p>\n","protected":false},"author":1,"featured_media":12248,"comment_status":"closed","ping_status":"open","sticky":false,"template":"","format":"standard","meta":{"footnotes":""},"categories":[483,486],"tags":[],"class_list":["post-12247","post","type-post","status-publish","format-standard","has-post-thumbnail","hentry","category-cultura","category-educacion","entry","simple"],"_links":{"self":[{"href":"https:\/\/www.plurinominal.com.mx\/index.php?rest_route=\/wp\/v2\/posts\/12247","targetHints":{"allow":["GET"]}}],"collection":[{"href":"https:\/\/www.plurinominal.com.mx\/index.php?rest_route=\/wp\/v2\/posts"}],"about":[{"href":"https:\/\/www.plurinominal.com.mx\/index.php?rest_route=\/wp\/v2\/types\/post"}],"author":[{"embeddable":true,"href":"https:\/\/www.plurinominal.com.mx\/index.php?rest_route=\/wp\/v2\/users\/1"}],"replies":[{"embeddable":true,"href":"https:\/\/www.plurinominal.com.mx\/index.php?rest_route=%2Fwp%2Fv2%2Fcomments&post=12247"}],"version-history":[{"count":0,"href":"https:\/\/www.plurinominal.com.mx\/index.php?rest_route=\/wp\/v2\/posts\/12247\/revisions"}],"wp:featuredmedia":[{"embeddable":true,"href":"https:\/\/www.plurinominal.com.mx\/index.php?rest_route=\/wp\/v2\/media\/12248"}],"wp:attachment":[{"href":"https:\/\/www.plurinominal.com.mx\/index.php?rest_route=%2Fwp%2Fv2%2Fmedia&parent=12247"}],"wp:term":[{"taxonomy":"category","embeddable":true,"href":"https:\/\/www.plurinominal.com.mx\/index.php?rest_route=%2Fwp%2Fv2%2Fcategories&post=12247"},{"taxonomy":"post_tag","embeddable":true,"href":"https:\/\/www.plurinominal.com.mx\/index.php?rest_route=%2Fwp%2Fv2%2Ftags&post=12247"}],"curies":[{"name":"wp","href":"https:\/\/api.w.org\/{rel}","templated":true}]}}