{"id":1229,"date":"2011-12-09T00:41:09","date_gmt":"2011-12-09T06:41:09","guid":{"rendered":"http:\/\/www.plurinominal.com.mx\/?p=1229"},"modified":"2012-01-11T00:41:30","modified_gmt":"2012-01-11T06:41:30","slug":"danos-en-primaria-de-puerta-del-rio-como-saldo-de-accidente","status":"publish","type":"post","link":"https:\/\/www.plurinominal.com.mx\/?p=1229","title":{"rendered":"Da\u00f1os en primaria de Puerta del R\u00edo como saldo de accidente"},"content":{"rendered":"<p>Jos\u00e9 \u00c1ngel Mtz.<br \/>\nOcurri\u00f3 aparatoso accidente el jueves 8 de diciembre por la noche y en el percance result\u00f3 da\u00f1ada la barda, as\u00ed como el port\u00f3n de la escuela primaria de Puerta del R\u00edo.<br \/>\nSe ha logrado conocer por parte de Plurinominal, que el accidente sucedi\u00f3 a las 19:40 horas, en el kil\u00f3metro 11+200 de la carretera estatal Villa Ju\u00e1rez-Puerta del R\u00edo, debido a la velocidad inmoderada y posiblemente al exceso en el consumo de bebidas embriagantes porque en el lugar se encontraron restos de cerveza de las conocidas como de \u201cBarrilito\u201d.<br \/>\nSe inform\u00f3 que Polic\u00edas del Estado se dirigieron al lugar a las 20:50 horas, para tomar conocimiento de los da\u00f1os en la camioneta y tambi\u00e9n de la barda de la primaria que qued\u00f3 ladeada. Igual sucedi\u00f3 con la puerta principal de la escuela. \u00c9sta se venci\u00f3 porque la unidad qued\u00f3 recargada tras volcarse.<br \/>\nPresumieron las corporaciones policiacas que el conductor de la camioneta Ford, de color azul marino y con placas de Tamaulipas, conduc\u00eda a exceso de velocidad con rumbo a Villa Ju\u00e1rez. Se piensa que ven\u00eda del jaripeo de Guaxcam\u00e1 porque hab\u00eda un sombreo y lazos en el mueble.<br \/>\nLas huellas indican que al llegar a la curva ocurri\u00f3 el frenado y se sali\u00f3 de la carretera, quedando recostada la camioneta del lado derecho, sobre la barda y la puerta principal de la primaria \u201cJos\u00e9 Mar\u00eda Morelos\u201d.<br \/>\nPor informaci\u00f3n de polic\u00edas estales se sabe que los da\u00f1os han sido valuados en 7 mil pesos pero del conductor no se conocieron los datos.<\/p>\n","protected":false},"excerpt":{"rendered":"<p>Jos\u00e9 \u00c1ngel Mtz. Ocurri\u00f3 aparatoso accidente el jueves 8 de diciembre por la noche y en el percance result\u00f3 da\u00f1ada la barda, as\u00ed como el port\u00f3n de la escuela primaria&#8230;<\/p>\n","protected":false},"author":1,"featured_media":0,"comment_status":"closed","ping_status":"open","sticky":false,"template":"","format":"standard","meta":{"footnotes":""},"categories":[4],"tags":[],"class_list":["post-1229","post","type-post","status-publish","format-standard","hentry","category-villa-juarez","entry","simple"],"_links":{"self":[{"href":"https:\/\/www.plurinominal.com.mx\/index.php?rest_route=\/wp\/v2\/posts\/1229","targetHints":{"allow":["GET"]}}],"collection":[{"href":"https:\/\/www.plurinominal.com.mx\/index.php?rest_route=\/wp\/v2\/posts"}],"about":[{"href":"https:\/\/www.plurinominal.com.mx\/index.php?rest_route=\/wp\/v2\/types\/post"}],"author":[{"embeddable":true,"href":"https:\/\/www.plurinominal.com.mx\/index.php?rest_route=\/wp\/v2\/users\/1"}],"replies":[{"embeddable":true,"href":"https:\/\/www.plurinominal.com.mx\/index.php?rest_route=%2Fwp%2Fv2%2Fcomments&post=1229"}],"version-history":[{"count":0,"href":"https:\/\/www.plurinominal.com.mx\/index.php?rest_route=\/wp\/v2\/posts\/1229\/revisions"}],"wp:attachment":[{"href":"https:\/\/www.plurinominal.com.mx\/index.php?rest_route=%2Fwp%2Fv2%2Fmedia&parent=1229"}],"wp:term":[{"taxonomy":"category","embeddable":true,"href":"https:\/\/www.plurinominal.com.mx\/index.php?rest_route=%2Fwp%2Fv2%2Fcategories&post=1229"},{"taxonomy":"post_tag","embeddable":true,"href":"https:\/\/www.plurinominal.com.mx\/index.php?rest_route=%2Fwp%2Fv2%2Ftags&post=1229"}],"curies":[{"name":"wp","href":"https:\/\/api.w.org\/{rel}","templated":true}]}}