{"id":1231,"date":"2011-12-11T00:41:51","date_gmt":"2011-12-11T06:41:51","guid":{"rendered":"http:\/\/www.plurinominal.com.mx\/?p=1231"},"modified":"2012-01-11T00:42:14","modified_gmt":"2012-01-11T06:42:14","slug":"policias-de-vj-reportaron-saldo-blanco-en-la-ultima-fiesta-patronal","status":"publish","type":"post","link":"https:\/\/www.plurinominal.com.mx\/?p=1231","title":{"rendered":"Polic\u00edas de VJ reportaron \u201csaldo blanco\u201d en la \u00faltima fiesta patronal"},"content":{"rendered":"<p>Del equipo de redacci\u00f3n<br \/>\nPolic\u00edas de Villa Ju\u00e1rez reportaron saldo blanco en la \u00faltima fiesta patronal ocurrida. No hubo detenciones durante la celebraci\u00f3n de las fiestas cat\u00f3licas de Guaxcam\u00e1, que acontecieron el jueves 8 de diciembre, cuando se llev\u00f3 a cabo un jaripeo y baile con los Diamantes Azules de Cerritos. Se menciona que hubo poca gente, por eso existi\u00f3 menor posibilidad de que se registraran incidentes lamentables, como cuando durante esta fiesta atacaron a polic\u00edas municipales en tremenda trifulca.<br \/>\nResalta que en las fiestas m\u00e1s importantes del municipio, tal como fue la de Granjenal \u2014a principios de noviembre\u2014, Agua del Medio y la FEREMAIZ de Villa Ju\u00e1rez, tambi\u00e9n se consiguieron saldos blancos.<br \/>\nAs\u00ed se inform\u00f3 en la comparecencia de la polic\u00eda municipal en la sesi\u00f3n de Consejo Municipal.<br \/>\nSe se\u00f1ala que el resultado ocurri\u00f3 en parte porque hubo disposici\u00f3n de la poblaci\u00f3n, adem\u00e1s del apoyo significativo de la Polic\u00eda del Estado y polic\u00edas de Cerritos y Villa Ju\u00e1rez.<br \/>\nEn fechas m\u00e1s recientes solamente se registraron dos detenciones, pero no durante celebraciones patronales, sino que ocurrieron en la cabecera municipal por alterar el orden p\u00fablico. Los acusados fueron Jes\u00fas Reyes Guevara y Margarito Pachecano Guti\u00e9rrez.<\/p>\n","protected":false},"excerpt":{"rendered":"<p>Del equipo de redacci\u00f3n Polic\u00edas de Villa Ju\u00e1rez reportaron saldo blanco en la \u00faltima fiesta patronal ocurrida. No hubo detenciones durante la celebraci\u00f3n de las fiestas cat\u00f3licas de Guaxcam\u00e1, que&#8230;<\/p>\n","protected":false},"author":1,"featured_media":0,"comment_status":"closed","ping_status":"open","sticky":false,"template":"","format":"standard","meta":{"footnotes":""},"categories":[4],"tags":[],"class_list":["post-1231","post","type-post","status-publish","format-standard","hentry","category-villa-juarez","entry","simple"],"_links":{"self":[{"href":"https:\/\/www.plurinominal.com.mx\/index.php?rest_route=\/wp\/v2\/posts\/1231","targetHints":{"allow":["GET"]}}],"collection":[{"href":"https:\/\/www.plurinominal.com.mx\/index.php?rest_route=\/wp\/v2\/posts"}],"about":[{"href":"https:\/\/www.plurinominal.com.mx\/index.php?rest_route=\/wp\/v2\/types\/post"}],"author":[{"embeddable":true,"href":"https:\/\/www.plurinominal.com.mx\/index.php?rest_route=\/wp\/v2\/users\/1"}],"replies":[{"embeddable":true,"href":"https:\/\/www.plurinominal.com.mx\/index.php?rest_route=%2Fwp%2Fv2%2Fcomments&post=1231"}],"version-history":[{"count":0,"href":"https:\/\/www.plurinominal.com.mx\/index.php?rest_route=\/wp\/v2\/posts\/1231\/revisions"}],"wp:attachment":[{"href":"https:\/\/www.plurinominal.com.mx\/index.php?rest_route=%2Fwp%2Fv2%2Fmedia&parent=1231"}],"wp:term":[{"taxonomy":"category","embeddable":true,"href":"https:\/\/www.plurinominal.com.mx\/index.php?rest_route=%2Fwp%2Fv2%2Fcategories&post=1231"},{"taxonomy":"post_tag","embeddable":true,"href":"https:\/\/www.plurinominal.com.mx\/index.php?rest_route=%2Fwp%2Fv2%2Ftags&post=1231"}],"curies":[{"name":"wp","href":"https:\/\/api.w.org\/{rel}","templated":true}]}}