{"id":1233,"date":"2011-12-10T00:42:33","date_gmt":"2011-12-10T06:42:33","guid":{"rendered":"http:\/\/www.plurinominal.com.mx\/?p=1233"},"modified":"2012-01-11T00:42:55","modified_gmt":"2012-01-11T06:42:55","slug":"presidente-municipal-y-coordinador-de-desarrollo-social-supervisaron-trabajos-en-la-unidad-deportiva","status":"publish","type":"post","link":"https:\/\/www.plurinominal.com.mx\/?p=1233","title":{"rendered":"Presidente Municipal y Coordinador de Desarrollo Social supervisaron trabajos en la Unidad Deportiva"},"content":{"rendered":"<p>M. del C. Valero<br \/>\nEl jueves ocho de diciembre, el Presidente Municipal Erasmo Galv\u00e1n Nieto y Javier Izaguirre Ruiz, \u2014Coordinador de Desarrollo Social\u2014 supervisaron los trabajos de rehabilitaci\u00f3n que se efect\u00faan en la Unidad Deportiva.<br \/>\nLes acompa\u00f1\u00f3 el Asesor T\u00e9cnico Salvador Mart\u00ednez Lumbreras y los recibi\u00f3 el encargado de la obra, Arquitecto Mario Ram\u00edrez S\u00e1nchez, quien inmediatamente se puso a sus \u00f3rdenes.<br \/>\nDe entrada, \u00e9ste neg\u00f3 que en la construcci\u00f3n de la cancha de b\u00e1squetbol hayan utilizado malla cicl\u00f3nica, sino que \u201cusaron una de acero\u201d.<br \/>\nSe\u00f1al\u00f3 que existe un laboratorio de por medio que verifica la calidad del concreto. \u201cUtilizamos arena muy costosa, de primera calidad\u201d, se justific\u00f3.<br \/>\nEl encargado de la obra, tambi\u00e9n extern\u00f3 que en cuanto a piedra no se puede economizar, ya que el precio es muy accesible. \u201cRealmente el costo es muy barato\u201d.<br \/>\nEn referencia a la cancha de front\u00f3n, dijo que se est\u00e1 utilizando la especificada en el proyecto, \u00abpero de mejor calidad\u00bb. Mario Ram\u00edrez S\u00e1nchez y el Presidente Municipal se dirigieron a la cancha de b\u00e1squetbol. All\u00ed el Arquitecto mostr\u00f3 que en la dala meti\u00f3 acero aunque all\u00ed no lo especificaba el proyecto.<br \/>\nPor otro lado, en la cancha de f\u00fatbol r\u00e1pido existe una gran fisura de aproximadamente 3 cent\u00edmetros. Por ello se le puso acero de 3\/8.<br \/>\nEl rehenchido marca cierta dimensi\u00f3n y en un af\u00e1n por mejorar la calidad est\u00e1n construy\u00e9ndolo de 60 cent\u00edmetros por 1 metro de profundidad.<br \/>\nSe dijo a Erasmo Galv\u00e1n Nieto, que un Ingeniero de SEDESOL visita continuamente la obra, tal como sucedi\u00f3 el mismo jueves.<br \/>\nLuego hace su respectivo informe.<br \/>\nAdem\u00e1s se ha elaborado un reporte fotogr\u00e1fico, que se puede compaginar con el del Ingeniero de SEDESOL, as\u00ed como el del Supervisor de obras de la Presidencia Municipal, Pedro B\u00e1ez.<br \/>\nPara explicar porque los rehenchidos son angostos dijo, que el peso de la barda no lo sostiene el mamposteo, sino la cadena. Tampoco se est\u00e1 utilizando el adoqu\u00edn para rellenar el rehenchido, pues la piedra es barata.<br \/>\nSobre algunos ladrillos que est\u00e1n incrustados en el rehenchido manifest\u00f3 que por uno o dos, el laboratorio no desestimar\u00eda la calidad del trabajo.<br \/>\nEl Arquitecto pregunt\u00f3 al Presidente Municipal y al Coordinador de Desarrollo Social c\u00f3mo rellenar lo que faltaba, pues trata de que no se mal entienda que se est\u00e1 utilizando escombro.<br \/>\nSe\u00f1alaron que en la cancha de f\u00fatbol r\u00e1pido el proyecto marca que deben colocar alfombra.<br \/>\nEl costo equivale a 70 pesos por metro cuadrado aproximadamente, pero con el af\u00e1n de mejorar la calidad, la constructora ha optado por instalar pasto sint\u00e9tico cuyo costo oscila sobre los 20 d\u00f3lares por metro cuadrado.<br \/>\nSobre los muros de la cancha s\u00f3lo se rehabilitaron 60 metros lineales, es decir se subieron un poco.<br \/>\nEn relaci\u00f3n con los rehenchidos dijo que en el cat\u00e1logo de construcci\u00f3n no marca un metro de hondo, sino menos.<br \/>\nPor eso se est\u00e1 haciendo una re presupuestaci\u00f3n. Cuando la auditor\u00eda revise la obra tendr\u00e1 que checar toda la documentaci\u00f3n.<br \/>\nCon respecto a la barda recomend\u00f3, que no se coloque malla cicl\u00f3nica sobre \u00e9sta, ya que con el viento se puede da\u00f1ar.<br \/>\nAlgunos vecinos se acercaron para comentarle su inquietud sobre la junta en fr\u00edo que habr\u00e1 entre la nueva barda y las construcciones.<br \/>\nPara evitar la humedad, se colocar\u00e1 un chafl\u00e1n. As\u00ed evitar\u00e1n que el agua humedezca las bardas.<br \/>\nUna de las inquietudes de los vecinos es que los balones ya no caigan en el patio de sus casas.<br \/>\nPor su parte los futbolistas esperaban que se colocara una malla para acabar con ese problema.<br \/>\nTras lo se\u00f1alado por el Arquitecto \u2014de que el proyecto no contempla la instalaci\u00f3n de malla sobre la barda\u2014, el Presidente Municipal coment\u00f3 al Coordinador de Desarrollo Social que en el Programa Anual de Obra (POA) se debe de programar la compra de malla, para evitar este detalle.<br \/>\nEl Arquitecto Mario Ram\u00edrez S\u00e1nchez propuso que se compre malla \u201ccamaronera\u201d. Es menos pesada y resiste.<br \/>\nSe recomend\u00f3 ver el archivo fotogr\u00e1fico de la obra y las facturas que amparan la compra de materiales.<br \/>\nAlgunos de sus proveedores son \u201cTRICESA\u201d, \u201cMaderer\u00eda la Milpa\u201d, \u201cMateriales para construcci\u00f3n\u201d propiedad de H\u00e9ctor Almaz\u00e1n.<br \/>\nDeclar\u00f3 que tambi\u00e9n se adquiere el diesel y combustible en las gasolineras de la localidad y casi todos los trabajadores son de este municipio, salvo cinco maestros alba\u00f1iles que la constructora trajo de otros lugares, que son \u201cespecialistas en acabados\u201d.<br \/>\nAntes de finalizar la inspecci\u00f3n se expuso que los pisos son pulidos con m\u00e1quina, trabajo que solamente realiza un especialista que trabaja hasta altas horas de la noche.<br \/>\nMart\u00ednez Lumbreras indic\u00f3 a este medio, que el reporte ser\u00e1 comparado con el de otros profesionistas que visitar\u00e1n el lugar, para comprobar los dichos de los encargados.<\/p>\n","protected":false},"excerpt":{"rendered":"<p>M. del C. Valero El jueves ocho de diciembre, el Presidente Municipal Erasmo Galv\u00e1n Nieto y Javier Izaguirre Ruiz, \u2014Coordinador de Desarrollo Social\u2014 supervisaron los trabajos de rehabilitaci\u00f3n que se&#8230;<\/p>\n","protected":false},"author":1,"featured_media":0,"comment_status":"closed","ping_status":"open","sticky":false,"template":"","format":"standard","meta":{"footnotes":""},"categories":[3],"tags":[],"class_list":["post-1233","post","type-post","status-publish","format-standard","hentry","category-cerritos","entry","simple"],"_links":{"self":[{"href":"https:\/\/www.plurinominal.com.mx\/index.php?rest_route=\/wp\/v2\/posts\/1233","targetHints":{"allow":["GET"]}}],"collection":[{"href":"https:\/\/www.plurinominal.com.mx\/index.php?rest_route=\/wp\/v2\/posts"}],"about":[{"href":"https:\/\/www.plurinominal.com.mx\/index.php?rest_route=\/wp\/v2\/types\/post"}],"author":[{"embeddable":true,"href":"https:\/\/www.plurinominal.com.mx\/index.php?rest_route=\/wp\/v2\/users\/1"}],"replies":[{"embeddable":true,"href":"https:\/\/www.plurinominal.com.mx\/index.php?rest_route=%2Fwp%2Fv2%2Fcomments&post=1233"}],"version-history":[{"count":0,"href":"https:\/\/www.plurinominal.com.mx\/index.php?rest_route=\/wp\/v2\/posts\/1233\/revisions"}],"wp:attachment":[{"href":"https:\/\/www.plurinominal.com.mx\/index.php?rest_route=%2Fwp%2Fv2%2Fmedia&parent=1233"}],"wp:term":[{"taxonomy":"category","embeddable":true,"href":"https:\/\/www.plurinominal.com.mx\/index.php?rest_route=%2Fwp%2Fv2%2Fcategories&post=1233"},{"taxonomy":"post_tag","embeddable":true,"href":"https:\/\/www.plurinominal.com.mx\/index.php?rest_route=%2Fwp%2Fv2%2Ftags&post=1233"}],"curies":[{"name":"wp","href":"https:\/\/api.w.org\/{rel}","templated":true}]}}