{"id":1237,"date":"2011-12-10T00:44:02","date_gmt":"2011-12-10T06:44:02","guid":{"rendered":"http:\/\/www.plurinominal.com.mx\/?p=1237"},"modified":"2012-01-11T00:44:24","modified_gmt":"2012-01-11T06:44:24","slug":"redes-sociales-sirven-para-difamar-y-atacar-en-forma-cobarde-martinez-lumbreras","status":"publish","type":"post","link":"https:\/\/www.plurinominal.com.mx\/?p=1237","title":{"rendered":"Redes Sociales sirven para difamar y atacar en forma cobarde: Mart\u00ednez Lumbreras"},"content":{"rendered":"<p>Del equipo de redacci\u00f3n<br \/>\nSobre algunas afirmaciones que se hacen en la red social Facebook a trav\u00e9s de cuentas de propietarios an\u00f3nimos, Plurinominal entrevist\u00f3 a Salvador Mart\u00ednez Lumbreras.<br \/>\n\u201cLa Harina\u201d, \u2014al igual que otros funcionarios\u2014 ha sido atacado a trav\u00e9s de ese sitio con se\u00f1alamientos serios.<br \/>\nSe dice en ese espacio, que Salvador Mart\u00ednez Lumbreras se ha enriquecido con los miles de pesos que ha cobrado a la gente del Sa\u00faz  y Pozo de Acu\u00f1a por arreglarles un problema agrario.<br \/>\nSe agrega que a los pacientes que env\u00eda a la \u00abOperaci\u00f3n Milagro\u00bb les pide 400 pesos y en contubernio con personal administrativo se apoder\u00f3 de la pieza que se perdi\u00f3 en el taller, por eso \u201cpronto la sacar\u00e1 pulida y pintada para poder facturarla como nueva\u201d.<br \/>\nConsider\u00f3 que la red social sirve para difamar y atacar cobardemente a los ciudadanos y a las autoridades.<br \/>\nExpuso que si el propietario de la cuenta tiene las pruebas suficientes sobre dichas afirmaciones, lo invita a que d\u00e9 la cara o a que acuda ante las instancias correspondientes.<br \/>\nIndic\u00f3 que \u00abse mal informa a los ciudadanos que tienen acceso al Internet\u00bb.<br \/>\nMart\u00ednez Lumbreras enfatiz\u00f3 a que el propietario de la cuenta, no debe atacar cobardemente desde el anonimato.<br \/>\nPor los comentarios, supone que es un empleado de la Presidencia resentido, ubicado en el mismo edificio, que utiliza la fotograf\u00eda de la Secretaria del H. Ayuntamiento Norma Quintero Flores, como imagen de perfil. La Harina piensa que es un empleado de confianza.<br \/>\nRetom\u00f3 el tema de algunos comentarios, donde el autor del espacio asegura que \u201cse han unido poderosos comerciantes como Aurelia Orozco, Juan Vaglienty, Gerardo Barr\u00f3n, Ren\u00e9 Garza, Enrique C\u00e1rdenas, Juan Manuel Ruiz, Lencho Gonz\u00e1lez, Eduardo Gloria, Cesar Garza, Erasmo Galv\u00e1n, Francisco V\u00e1zquez, Adriana Garza y Juan Mart\u00ednez para apoyar econ\u00f3micamente las candidaturas de Pablo S\u00e1nchez Turrubiartes, por el PRI, Arturo Narv\u00e1ez por el PAN y Javier Izaguirre por el PT Convergencia\u201d, por eso quien escribe la p\u00e1gina est\u00e1 totalmente desubicado, intenta claramente llamar la atenci\u00f3n, pero todav\u00eda no sabe qui\u00e9n quedar\u00e1 como candidato de esos partidos, pero \u201cqu\u00e9 buena bola de cristal tiene\u201d, manifest\u00f3 Chava Mart\u00ednez.<br \/>\nEn el espacio, tambi\u00e9n se habla de que Javier Izaguirre y Galdino Wong tienen a toda su familia trabajando en el ayuntamiento. \u201cEsa es otra falsedad, ya que solamente existe un trabajador que es familiar de ambos\u201d, explic\u00f3; \u201cadem\u00e1s es falso que se le den vi\u00e1ticos y combustible para su beneficio personal\u201d.<br \/>\nLa Harina se defendi\u00f3 respondiendo que los comentarios s\u00f3lo tratan de mal informar a la poblaci\u00f3n, pues respecto a la pieza que se perdi\u00f3 en el Taller Municipal, no sabe de d\u00f3nde encuentren el v\u00ednculo entre \u00e9l y funcionarios de primer nivel para actuar en contubernio.<br \/>\nAll\u00ed se dice que en el tiempo de Salvador Mart\u00ednez Sifuentes, a la cancha de f\u00fatbol r\u00e1pido le pusieron cemento y ahora  esta administraci\u00f3n  trata de cobrar nuevamente la pavimentaci\u00f3n, lo que es falso, pues \u00fanicamente se le colocar\u00e1 pasto sint\u00e9tico, \u00abhasta en eso est\u00e1n mal informados\u00bb. Expres\u00f3. En este caso Javier Izaguirre y la Tesorera no tienen nada que ver, ya que los recursos econ\u00f3micos se le est\u00e1n girando directamente al constructor desde la Secretar\u00eda de Desarrollo Social.<br \/>\nSalvador Mart\u00ednez Lumbreras, a trav\u00e9s de este medio hace un llamado al propietario de la p\u00e1gina denominada \u00abRevista Cerritos\u00bb, para qu\u00e9 pruebe sus comentarios porque de lo contrario s\u00f3lo le causan risa.<\/p>\n","protected":false},"excerpt":{"rendered":"<p>Del equipo de redacci\u00f3n Sobre algunas afirmaciones que se hacen en la red social Facebook a trav\u00e9s de cuentas de propietarios an\u00f3nimos, Plurinominal entrevist\u00f3 a Salvador Mart\u00ednez Lumbreras. \u201cLa Harina\u201d,&#8230;<\/p>\n","protected":false},"author":1,"featured_media":0,"comment_status":"closed","ping_status":"open","sticky":false,"template":"","format":"standard","meta":{"footnotes":""},"categories":[3],"tags":[],"class_list":["post-1237","post","type-post","status-publish","format-standard","hentry","category-cerritos","entry","simple"],"_links":{"self":[{"href":"https:\/\/www.plurinominal.com.mx\/index.php?rest_route=\/wp\/v2\/posts\/1237","targetHints":{"allow":["GET"]}}],"collection":[{"href":"https:\/\/www.plurinominal.com.mx\/index.php?rest_route=\/wp\/v2\/posts"}],"about":[{"href":"https:\/\/www.plurinominal.com.mx\/index.php?rest_route=\/wp\/v2\/types\/post"}],"author":[{"embeddable":true,"href":"https:\/\/www.plurinominal.com.mx\/index.php?rest_route=\/wp\/v2\/users\/1"}],"replies":[{"embeddable":true,"href":"https:\/\/www.plurinominal.com.mx\/index.php?rest_route=%2Fwp%2Fv2%2Fcomments&post=1237"}],"version-history":[{"count":0,"href":"https:\/\/www.plurinominal.com.mx\/index.php?rest_route=\/wp\/v2\/posts\/1237\/revisions"}],"wp:attachment":[{"href":"https:\/\/www.plurinominal.com.mx\/index.php?rest_route=%2Fwp%2Fv2%2Fmedia&parent=1237"}],"wp:term":[{"taxonomy":"category","embeddable":true,"href":"https:\/\/www.plurinominal.com.mx\/index.php?rest_route=%2Fwp%2Fv2%2Fcategories&post=1237"},{"taxonomy":"post_tag","embeddable":true,"href":"https:\/\/www.plurinominal.com.mx\/index.php?rest_route=%2Fwp%2Fv2%2Ftags&post=1237"}],"curies":[{"name":"wp","href":"https:\/\/api.w.org\/{rel}","templated":true}]}}