{"id":1239,"date":"2011-12-12T00:45:06","date_gmt":"2011-12-12T06:45:06","guid":{"rendered":"http:\/\/www.plurinominal.com.mx\/?p=1239"},"modified":"2012-01-11T00:45:35","modified_gmt":"2012-01-11T06:45:35","slug":"tras-fuerte-golpe-en-el-craneo-profesionista-tuvo-que-ser-sometido-a-una-operacion-quirurgica","status":"publish","type":"post","link":"https:\/\/www.plurinominal.com.mx\/?p=1239","title":{"rendered":"Tras fuerte golpe en el cr\u00e1neo, profesionista tuvo que ser sometido a una operaci\u00f3n quir\u00fargica"},"content":{"rendered":"<p>Del equipo de redacci\u00f3n<br \/>\nTras un fuerte golpe en el cr\u00e1neo, un profesionista tuvo que ser sometido a una operaci\u00f3n quir\u00fargica.<br \/>\nLa operaci\u00f3n fue necesaria para salvar su vida.<br \/>\nA las 15:00 horas de este domingo el Lic. Mateo Serna Mart\u00ednez, se encontraba realizando mejoras a las instalaciones de sus oficinas ubicadas en Jes\u00fas Carranza 40-A del municipio de Cerritos.<br \/>\nParado en un banco de menos de medio metro de altura \u2014mientas pintaba una puerta\u2014 perdi\u00f3 el equilibrio. Al caer se golpe\u00f3 la cabeza a la alturas de la cejas.<br \/>\nAlcanz\u00f3 a hacer una llamada por celular a sus familiares porque no se pudo levantar.<br \/>\nLuego se le traslad\u00f3 de inmediato a la cl\u00ednica Santa Cruz donde el mismo entr\u00f3 caminando y se subi\u00f3 a una b\u00e1scula para calcular su peso.<br \/>\nA los 15 minutos de ocurrido el percance, en el consultorio comenz\u00f3 a perder el conocimiento al tiempo que vomitaba intensamente.<br \/>\nPersonal m\u00e9dico recomend\u00f3 su traslado urgente a la capital potosina. La presi\u00f3n arterial del paciente iba en aumento y se corr\u00eda el riesgo de sufrir un paro cardiaco, pero antes se le trat\u00f3 de estabilizar en el IMSS Oportunidades donde los esfuerzos fueron tambi\u00e9n insuficientes por motivos diversos. Luego lleg\u00f3 una ambulancia que lo llev\u00f3 a la cl\u00ednica 50 de San Luis Potos\u00ed.<br \/>\nDe entrada se le diagnostic\u00f3 traumatismo craneoencef\u00e1lico y se le someti\u00f3 a una delicada cirug\u00eda a las 20:00 PM de este martes la que culmin\u00f3 despu\u00e9s de la media noche.<br \/>\nAl cierre de la edici\u00f3n, se le manten\u00eda en observaci\u00f3n por 24 horas, aunque los m\u00e9dicos advirtieron que en ese lapso de tiempo podr\u00edan darse cuenta si algunas otras complicaciones de salud contribuyen a hacer el caso m\u00e1s delicado.<br \/>\nTambi\u00e9n se explic\u00f3 a familiares que la recuperaci\u00f3n podr\u00eda ser muy lenta.<\/p>\n","protected":false},"excerpt":{"rendered":"<p>Del equipo de redacci\u00f3n Tras un fuerte golpe en el cr\u00e1neo, un profesionista tuvo que ser sometido a una operaci\u00f3n quir\u00fargica. La operaci\u00f3n fue necesaria para salvar su vida. A&#8230;<\/p>\n","protected":false},"author":1,"featured_media":0,"comment_status":"closed","ping_status":"open","sticky":false,"template":"","format":"standard","meta":{"footnotes":""},"categories":[3],"tags":[],"class_list":["post-1239","post","type-post","status-publish","format-standard","hentry","category-cerritos","entry","simple"],"_links":{"self":[{"href":"https:\/\/www.plurinominal.com.mx\/index.php?rest_route=\/wp\/v2\/posts\/1239","targetHints":{"allow":["GET"]}}],"collection":[{"href":"https:\/\/www.plurinominal.com.mx\/index.php?rest_route=\/wp\/v2\/posts"}],"about":[{"href":"https:\/\/www.plurinominal.com.mx\/index.php?rest_route=\/wp\/v2\/types\/post"}],"author":[{"embeddable":true,"href":"https:\/\/www.plurinominal.com.mx\/index.php?rest_route=\/wp\/v2\/users\/1"}],"replies":[{"embeddable":true,"href":"https:\/\/www.plurinominal.com.mx\/index.php?rest_route=%2Fwp%2Fv2%2Fcomments&post=1239"}],"version-history":[{"count":0,"href":"https:\/\/www.plurinominal.com.mx\/index.php?rest_route=\/wp\/v2\/posts\/1239\/revisions"}],"wp:attachment":[{"href":"https:\/\/www.plurinominal.com.mx\/index.php?rest_route=%2Fwp%2Fv2%2Fmedia&parent=1239"}],"wp:term":[{"taxonomy":"category","embeddable":true,"href":"https:\/\/www.plurinominal.com.mx\/index.php?rest_route=%2Fwp%2Fv2%2Fcategories&post=1239"},{"taxonomy":"post_tag","embeddable":true,"href":"https:\/\/www.plurinominal.com.mx\/index.php?rest_route=%2Fwp%2Fv2%2Ftags&post=1239"}],"curies":[{"name":"wp","href":"https:\/\/api.w.org\/{rel}","templated":true}]}}