{"id":125,"date":"2011-10-19T01:34:26","date_gmt":"2011-10-19T01:34:26","guid":{"rendered":"http:\/\/www.plurinominal.com.mx\/?p=125"},"modified":"2011-11-05T01:34:57","modified_gmt":"2011-11-05T01:34:57","slug":"%e2%80%9cconcurso-de-canto%e2%80%9d-de-la-universidad-intercultural","status":"publish","type":"post","link":"https:\/\/www.plurinominal.com.mx\/?p=125","title":{"rendered":"\u201cConcurso de Canto\u201d de la Universidad Intercultural"},"content":{"rendered":"<p>Por Roc\u00edo Orozco<br \/>\nEl pasado lunes  17 de octubre, la Universidad Intercultural realiz\u00f3 su primer concurso de canto en donde se eligieron a los representantes para el concurso estatal que se tendr\u00e1 lugar en la capital potosina los d\u00edas 10 y 11 de Noviembre 2011.<br \/>\nParticiparon los alumnos Yessenia Arguello de 5\u00ba semestre de la Licenciatura de Derecho, V\u00edctor Daniel Rodr\u00edguez del 3\u00ba semestre de Ing. Industrial, Francisco Villanueva del 7\u00ba semestre de  Lic. En Inform\u00e1tica, Gabriela Alejandra Mart\u00ednez del 1\u00ba semestre y Alejandra Padilla de 7\u00ba semestre de la Licenciatura en Derecho.<br \/>\nCon una respuesta favorable por parte de los alumnos se realiz\u00f3 este concurso.<br \/>\nLos encargados de deliberar esta competencia fueron: Mar\u00eda Jes\u00fas Perales Pecina, Profesor Fernando M\u00e1rquez, Srita. Gissel Torres Rosales, Profesor Asunci\u00f3n S\u00e1nchez y Luis Francisco Reyes Narv\u00e1ez.<br \/>\nEn el evento se agradeci\u00f3 a los patrocinadores por su colaboraci\u00f3n en la realizaci\u00f3n del evento, H. Ayuntamiento, C. Luis Javier Izaguirre Ruiz, Lic. Adriana Garza L\u00f3pez \u201cEl Sol\u201d, \u201cEl S\u00faper la Competidora\u201d y Caslop-PC.<\/p>\n","protected":false},"excerpt":{"rendered":"<p>Por Roc\u00edo Orozco El pasado lunes 17 de octubre, la Universidad Intercultural realiz\u00f3 su primer concurso de canto en donde se eligieron a los representantes para el concurso estatal que&#8230;<\/p>\n","protected":false},"author":1,"featured_media":0,"comment_status":"closed","ping_status":"open","sticky":false,"template":"","format":"standard","meta":{"footnotes":""},"categories":[3],"tags":[72,71],"class_list":["post-125","post","type-post","status-publish","format-standard","hentry","category-cerritos","tag-concurso-de-canto","tag-universidad-intercultural","entry","simple"],"_links":{"self":[{"href":"https:\/\/www.plurinominal.com.mx\/index.php?rest_route=\/wp\/v2\/posts\/125","targetHints":{"allow":["GET"]}}],"collection":[{"href":"https:\/\/www.plurinominal.com.mx\/index.php?rest_route=\/wp\/v2\/posts"}],"about":[{"href":"https:\/\/www.plurinominal.com.mx\/index.php?rest_route=\/wp\/v2\/types\/post"}],"author":[{"embeddable":true,"href":"https:\/\/www.plurinominal.com.mx\/index.php?rest_route=\/wp\/v2\/users\/1"}],"replies":[{"embeddable":true,"href":"https:\/\/www.plurinominal.com.mx\/index.php?rest_route=%2Fwp%2Fv2%2Fcomments&post=125"}],"version-history":[{"count":0,"href":"https:\/\/www.plurinominal.com.mx\/index.php?rest_route=\/wp\/v2\/posts\/125\/revisions"}],"wp:attachment":[{"href":"https:\/\/www.plurinominal.com.mx\/index.php?rest_route=%2Fwp%2Fv2%2Fmedia&parent=125"}],"wp:term":[{"taxonomy":"category","embeddable":true,"href":"https:\/\/www.plurinominal.com.mx\/index.php?rest_route=%2Fwp%2Fv2%2Fcategories&post=125"},{"taxonomy":"post_tag","embeddable":true,"href":"https:\/\/www.plurinominal.com.mx\/index.php?rest_route=%2Fwp%2Fv2%2Ftags&post=125"}],"curies":[{"name":"wp","href":"https:\/\/api.w.org\/{rel}","templated":true}]}}