{"id":1250,"date":"2011-12-11T08:37:29","date_gmt":"2011-12-11T14:37:29","guid":{"rendered":"http:\/\/www.plurinominal.com.mx\/?p=1250"},"modified":"2012-01-13T08:38:12","modified_gmt":"2012-01-13T14:38:12","slug":"toman-protesta-a-dirigentes-juveniles-del-movimiento-territorial","status":"publish","type":"post","link":"https:\/\/www.plurinominal.com.mx\/?p=1250","title":{"rendered":"Toman protesta a dirigentes juveniles del Movimiento Territorial"},"content":{"rendered":"<p>Acudieron j\u00f3venes de Villa de Arista, Guadalc\u00e1zar y Cerritos<\/p>\n<p>Ma. del Carmen V.<br \/>\nEl s\u00e1bado 10 de diciembre  se llev\u00f3 a cabo el acto de toma de protesta a los dirigentes juveniles del Movimiento Territorial en las instalaciones del Partido Revolucionario Institucional.<br \/>\nAcudieron j\u00f3venes de los municipios de Villa de Arista, Guadalc\u00e1zar y Cerritos, quienes de esa manera tomaron la representatividad. Al mismo tiempo se les pidi\u00f3 que act\u00faen con eficacia y eficiencia.<br \/>\nQuienes encabezan los comit\u00e9s en cada municipio son Felipe S\u00e1nchez Requena, de Villa de Arista, Gustavo Zavala, del municipio de Guadalc\u00e1zar y Francisco Villanueva Salinas de Cerritos.<br \/>\nSe les dijo que las nuevas ideas y formas de trabajo las tienen los adolescentes y ellos ser\u00e1n los que lleven en un futuro los destinos del pa\u00eds.<br \/>\nPor eso se deben hacer esfuerzos para que sean escuchados en las instancias estatales y federales.<br \/>\nAdem\u00e1s se destac\u00f3 que \u201cla vida del pri\u00edsmo se sostiene en los intereses de las clases populares\u201d.<br \/>\nReconocieron que con la unidad se lograr\u00e1n los triunfos del partido y por eso  debe haber \u201clealtad, unidad y trabajo\u201d.<br \/>\nEn el evento estuvieron presentes j\u00f3venes pertenecientes a la agrupaci\u00f3n denominada \u00abChaviza Pri\u00edsta\u00bb.<br \/>\nLa Secretaria General del partido, Rosario Torres, fue la encargada de agradecer la presencia de todos los adolescentes a quienes manifest\u00f3 que el trabajo debe hacer eco.<br \/>\nEl dirigente estatal del Movimiento Territorial, Luis Antonio Gonz\u00e1lez, pidi\u00f3 que se interesen en las actividades pol\u00edticas para que influyan en las decisiones de la comunidad.<br \/>\nPor su parte el dirigente estatal extern\u00f3 que el movimiento territorial est\u00e1 conformado por gente joven y por ello es importante que desarrollen una conciencia social de trabajo que les permita alcanzar los espacios de decisi\u00f3n en el municipio, el estado y naci\u00f3n.<br \/>\nSe revel\u00f3 que en Cerritos se efectu\u00f3 el primer acto de toma de protesta a los comit\u00e9s juveniles.<br \/>\nAfirm\u00f3 que el pr\u00f3ximo a\u00f1o ser\u00e1 muy importante porque habr\u00e1 elecciones de Diputados Federales, Presidentes Municipales y Presidente de la Rep\u00fablica, y deben alentar a todos aquellos que votar\u00e1n por vez primera.<br \/>\nLuis Antonio Gonz\u00e1lez tambi\u00e9n hizo una cr\u00edtica a Felipe Calder\u00f3n.<br \/>\nDijo que \u00e9ste lleg\u00f3 al poder como el Presidente del empleo y que termin\u00f3 con un gran debacle en los oficios.<br \/>\nA\u00f1adi\u00f3 que por ineficacia de las pol\u00edticas nacionales para atacar la pobreza, \u00e9sta ha aumentado y eso obliga a los j\u00f3venes a emigrar, por ello invit\u00f3 a sumar esfuerzos en torno al gobernador del estado, \u201ces una persona preocupada por los m\u00e1s necesitados\u201d.<br \/>\nAgreg\u00f3 que la pol\u00edtica es una actividad importante y de beneficio social.<br \/>\nAl tomar la palabra, Licenciada Leticia V\u00e1zquez Hern\u00e1ndez dijo que los j\u00f3venes trabajando conocer\u00e1n los ideales del partido.<br \/>\nLa clausura del evento estuvo a cargo del Presidente del PRI, Rodolfo Gallegos. <\/p>\n","protected":false},"excerpt":{"rendered":"<p>Acudieron j\u00f3venes de Villa de Arista, Guadalc\u00e1zar y Cerritos Ma. del Carmen V. El s\u00e1bado 10 de diciembre se llev\u00f3 a cabo el acto de toma de protesta a los&#8230;<\/p>\n","protected":false},"author":1,"featured_media":0,"comment_status":"closed","ping_status":"open","sticky":false,"template":"","format":"standard","meta":{"footnotes":""},"categories":[3,6],"tags":[],"class_list":["post-1250","post","type-post","status-publish","format-standard","hentry","category-cerritos","category-guadalcazar","entry","simple"],"_links":{"self":[{"href":"https:\/\/www.plurinominal.com.mx\/index.php?rest_route=\/wp\/v2\/posts\/1250","targetHints":{"allow":["GET"]}}],"collection":[{"href":"https:\/\/www.plurinominal.com.mx\/index.php?rest_route=\/wp\/v2\/posts"}],"about":[{"href":"https:\/\/www.plurinominal.com.mx\/index.php?rest_route=\/wp\/v2\/types\/post"}],"author":[{"embeddable":true,"href":"https:\/\/www.plurinominal.com.mx\/index.php?rest_route=\/wp\/v2\/users\/1"}],"replies":[{"embeddable":true,"href":"https:\/\/www.plurinominal.com.mx\/index.php?rest_route=%2Fwp%2Fv2%2Fcomments&post=1250"}],"version-history":[{"count":0,"href":"https:\/\/www.plurinominal.com.mx\/index.php?rest_route=\/wp\/v2\/posts\/1250\/revisions"}],"wp:attachment":[{"href":"https:\/\/www.plurinominal.com.mx\/index.php?rest_route=%2Fwp%2Fv2%2Fmedia&parent=1250"}],"wp:term":[{"taxonomy":"category","embeddable":true,"href":"https:\/\/www.plurinominal.com.mx\/index.php?rest_route=%2Fwp%2Fv2%2Fcategories&post=1250"},{"taxonomy":"post_tag","embeddable":true,"href":"https:\/\/www.plurinominal.com.mx\/index.php?rest_route=%2Fwp%2Fv2%2Ftags&post=1250"}],"curies":[{"name":"wp","href":"https:\/\/api.w.org\/{rel}","templated":true}]}}