{"id":1255,"date":"2011-12-10T08:40:11","date_gmt":"2011-12-10T14:40:11","guid":{"rendered":"http:\/\/www.plurinominal.com.mx\/?p=1255"},"modified":"2012-01-13T08:40:34","modified_gmt":"2012-01-13T14:40:34","slug":"chocan-patrulla-nueva-frente-a-comandancia","status":"publish","type":"post","link":"https:\/\/www.plurinominal.com.mx\/?p=1255","title":{"rendered":"Chocan patrulla \u201cnueva\u201d frente a Comandancia"},"content":{"rendered":"<p>Del equipo de redacci\u00f3n<br \/>\nLa unidad reci\u00e9n adquirida de la DGSPM fue ligeramente impactada por veh\u00edculo de gobierno.<br \/>\nPor sus dimensiones y lo estrecho de la calle, el cami\u00f3n que pertenece a la Secretar\u00eda de Salud, no pudo evitar dar \u201cun besito\u201d a la camioneta de seguridad mientras \u00e9sta se encontraba sobre la calle Lerdo de Tejada, frente a la propia comandancia de polic\u00eda este jueves 8 de diciembre.<br \/>\nEl tramo de la calle permaneci\u00f3 obstruido, hasta que en el lugar hicieron acto de presencia representantes de aseguradoras.<br \/>\nEl Director de la corporaci\u00f3n Jorge Adonai Valladares inform\u00f3 a este medio, que se logr\u00f3 estipular un acuerdo para enviar la camioneta a reparar en un taller especializado.  El costo del incidente no supera los 3500 pesos.<br \/>\nLa patrulla sufri\u00f3 da\u00f1os en una calavera y un roz\u00f3n del mismo lado.<br \/>\nEn otro asunto tambi\u00e9n de veh\u00edculo perteneciente a la DGSPM, se sabe que la camioneta TOYOTA color rojo, tambi\u00e9n est\u00e1 siendo reparada por un motivo similar pero no se ha brindado informaci\u00f3n oficial al respecto.<\/p>\n","protected":false},"excerpt":{"rendered":"<p>Del equipo de redacci\u00f3n La unidad reci\u00e9n adquirida de la DGSPM fue ligeramente impactada por veh\u00edculo de gobierno. Por sus dimensiones y lo estrecho de la calle, el cami\u00f3n que&#8230;<\/p>\n","protected":false},"author":1,"featured_media":0,"comment_status":"closed","ping_status":"open","sticky":false,"template":"","format":"standard","meta":{"footnotes":""},"categories":[3],"tags":[],"class_list":["post-1255","post","type-post","status-publish","format-standard","hentry","category-cerritos","entry","simple"],"_links":{"self":[{"href":"https:\/\/www.plurinominal.com.mx\/index.php?rest_route=\/wp\/v2\/posts\/1255","targetHints":{"allow":["GET"]}}],"collection":[{"href":"https:\/\/www.plurinominal.com.mx\/index.php?rest_route=\/wp\/v2\/posts"}],"about":[{"href":"https:\/\/www.plurinominal.com.mx\/index.php?rest_route=\/wp\/v2\/types\/post"}],"author":[{"embeddable":true,"href":"https:\/\/www.plurinominal.com.mx\/index.php?rest_route=\/wp\/v2\/users\/1"}],"replies":[{"embeddable":true,"href":"https:\/\/www.plurinominal.com.mx\/index.php?rest_route=%2Fwp%2Fv2%2Fcomments&post=1255"}],"version-history":[{"count":0,"href":"https:\/\/www.plurinominal.com.mx\/index.php?rest_route=\/wp\/v2\/posts\/1255\/revisions"}],"wp:attachment":[{"href":"https:\/\/www.plurinominal.com.mx\/index.php?rest_route=%2Fwp%2Fv2%2Fmedia&parent=1255"}],"wp:term":[{"taxonomy":"category","embeddable":true,"href":"https:\/\/www.plurinominal.com.mx\/index.php?rest_route=%2Fwp%2Fv2%2Fcategories&post=1255"},{"taxonomy":"post_tag","embeddable":true,"href":"https:\/\/www.plurinominal.com.mx\/index.php?rest_route=%2Fwp%2Fv2%2Ftags&post=1255"}],"curies":[{"name":"wp","href":"https:\/\/api.w.org\/{rel}","templated":true}]}}