{"id":1257,"date":"2011-12-09T08:40:57","date_gmt":"2011-12-09T14:40:57","guid":{"rendered":"http:\/\/www.plurinominal.com.mx\/?p=1257"},"modified":"2012-01-13T08:41:25","modified_gmt":"2012-01-13T14:41:25","slug":"quiso-robar-pero-no-se-procedio-en-su-contra","status":"publish","type":"post","link":"https:\/\/www.plurinominal.com.mx\/?p=1257","title":{"rendered":"Quiso robar, pero no se procedi\u00f3 en su contra"},"content":{"rendered":"<p>Del equipo de redacci\u00f3n<br \/>\nPolic\u00edas del Estado lograron detener a una persona mientras abr\u00eda una camioneta sobre la calle Independencia.<br \/>\nComo no hubo denuncia de los afectados, no fue consignado ante el Ministerio P\u00fablico.<br \/>\nLo que logr\u00f3 saber Plurinominal es que la detenci\u00f3n ocurri\u00f3 el jueves 8 de diciembre, a las 11:00 horas.<br \/>\nCerca de la calle Independencia, el due\u00f1o del veh\u00edculo se sorprendi\u00f3 al ver c\u00f3mo el sujeto abr\u00eda la puerta del lado del chofer.<br \/>\nComo se vio descubierto, mejor huy\u00f3, pero el afectado por casualidad se encontr\u00f3 a un polic\u00eda estatal cerca, a quien le comunic\u00f3 lo ocurrido.<br \/>\nAs\u00ed se pudo lograr la detenci\u00f3n a pocas calles de donde sucedieron los hechos.<br \/>\nPor parte de la Polic\u00eda Municipal s\u00f3lo existe la informaci\u00f3n de que el detenido, -de nombre Rafael Hern\u00e1ndez Valero-, fue encerrado el mismo d\u00eda, pero solamente por \u201calterar el orden p\u00fablico\u201d.<br \/>\nNo se explican las causas en el reporte, solo que fue capturado por la polic\u00eda del estado.<br \/>\nTrascendi\u00f3 que el detenido acept\u00f3 haber abierto la puerta de la camioneta, pero no pudo cargar con nada, por eso los afectados decidieron no proceder penalmente.<\/p>\n","protected":false},"excerpt":{"rendered":"<p>Del equipo de redacci\u00f3n Polic\u00edas del Estado lograron detener a una persona mientras abr\u00eda una camioneta sobre la calle Independencia. Como no hubo denuncia de los afectados, no fue consignado&#8230;<\/p>\n","protected":false},"author":1,"featured_media":0,"comment_status":"closed","ping_status":"open","sticky":false,"template":"","format":"standard","meta":{"footnotes":""},"categories":[3],"tags":[],"class_list":["post-1257","post","type-post","status-publish","format-standard","hentry","category-cerritos","entry","simple"],"_links":{"self":[{"href":"https:\/\/www.plurinominal.com.mx\/index.php?rest_route=\/wp\/v2\/posts\/1257","targetHints":{"allow":["GET"]}}],"collection":[{"href":"https:\/\/www.plurinominal.com.mx\/index.php?rest_route=\/wp\/v2\/posts"}],"about":[{"href":"https:\/\/www.plurinominal.com.mx\/index.php?rest_route=\/wp\/v2\/types\/post"}],"author":[{"embeddable":true,"href":"https:\/\/www.plurinominal.com.mx\/index.php?rest_route=\/wp\/v2\/users\/1"}],"replies":[{"embeddable":true,"href":"https:\/\/www.plurinominal.com.mx\/index.php?rest_route=%2Fwp%2Fv2%2Fcomments&post=1257"}],"version-history":[{"count":0,"href":"https:\/\/www.plurinominal.com.mx\/index.php?rest_route=\/wp\/v2\/posts\/1257\/revisions"}],"wp:attachment":[{"href":"https:\/\/www.plurinominal.com.mx\/index.php?rest_route=%2Fwp%2Fv2%2Fmedia&parent=1257"}],"wp:term":[{"taxonomy":"category","embeddable":true,"href":"https:\/\/www.plurinominal.com.mx\/index.php?rest_route=%2Fwp%2Fv2%2Fcategories&post=1257"},{"taxonomy":"post_tag","embeddable":true,"href":"https:\/\/www.plurinominal.com.mx\/index.php?rest_route=%2Fwp%2Fv2%2Ftags&post=1257"}],"curies":[{"name":"wp","href":"https:\/\/api.w.org\/{rel}","templated":true}]}}