{"id":1267,"date":"2011-12-13T08:54:16","date_gmt":"2011-12-13T14:54:16","guid":{"rendered":"http:\/\/www.plurinominal.com.mx\/?p=1267"},"modified":"2012-01-13T08:54:40","modified_gmt":"2012-01-13T14:54:40","slug":"detienen-al-pela-vacas-nuevamente-en-villa-juarez","status":"publish","type":"post","link":"https:\/\/www.plurinominal.com.mx\/?p=1267","title":{"rendered":"Detienen al \u201cPela Vacas\u201d nuevamente en Villa Ju\u00e1rez"},"content":{"rendered":"<p>Jos\u00e9 \u00c1ngel Mtz.<br \/>\nEstuvo nuevamente detenida en Villa Ju\u00e1rez la persona conocida como \u201cEl Pela Vacas\u201d, un ex convicto que ya ha estado encerrado por robo en Cerritos.<br \/>\nEn esta ocasi\u00f3n Juan Chavira C\u00e1zares, fue detenido por los polic\u00edas en la comunidad de Buena Vista, por participar en una ri\u00f1a, en la que result\u00f3 lesionada una persona que no fue identificada.<br \/>\nPresidencia ha confirmado que la polic\u00eda del municipio acudi\u00f3 a la comunidad donde se celebraba un baile por la fiesta del 12 de diciembre, todo por el reporte de un esc\u00e1ndalo de varias personas que se encontraban en estado de ebriedad.<br \/>\nPor parte de la comunidad se dieron varios detenidos, pero solo fue entregado a los polic\u00edas \u201cEl Pela Vacas\u201d, que fue acusado de golpear a uno de sus compa\u00f1eros de parranda.<br \/>\nPara el martes en la ma\u00f1ana se observ\u00f3 que el detenido fue llevado a certificar, pero no se puso a disposici\u00f3n del ministerio p\u00fablico porque no existi\u00f3 denuncia en su contra.<\/p>\n","protected":false},"excerpt":{"rendered":"<p>Jos\u00e9 \u00c1ngel Mtz. Estuvo nuevamente detenida en Villa Ju\u00e1rez la persona conocida como \u201cEl Pela Vacas\u201d, un ex convicto que ya ha estado encerrado por robo en Cerritos. En esta&#8230;<\/p>\n","protected":false},"author":1,"featured_media":0,"comment_status":"closed","ping_status":"open","sticky":false,"template":"","format":"standard","meta":{"footnotes":""},"categories":[4],"tags":[],"class_list":["post-1267","post","type-post","status-publish","format-standard","hentry","category-villa-juarez","entry","simple"],"_links":{"self":[{"href":"https:\/\/www.plurinominal.com.mx\/index.php?rest_route=\/wp\/v2\/posts\/1267","targetHints":{"allow":["GET"]}}],"collection":[{"href":"https:\/\/www.plurinominal.com.mx\/index.php?rest_route=\/wp\/v2\/posts"}],"about":[{"href":"https:\/\/www.plurinominal.com.mx\/index.php?rest_route=\/wp\/v2\/types\/post"}],"author":[{"embeddable":true,"href":"https:\/\/www.plurinominal.com.mx\/index.php?rest_route=\/wp\/v2\/users\/1"}],"replies":[{"embeddable":true,"href":"https:\/\/www.plurinominal.com.mx\/index.php?rest_route=%2Fwp%2Fv2%2Fcomments&post=1267"}],"version-history":[{"count":0,"href":"https:\/\/www.plurinominal.com.mx\/index.php?rest_route=\/wp\/v2\/posts\/1267\/revisions"}],"wp:attachment":[{"href":"https:\/\/www.plurinominal.com.mx\/index.php?rest_route=%2Fwp%2Fv2%2Fmedia&parent=1267"}],"wp:term":[{"taxonomy":"category","embeddable":true,"href":"https:\/\/www.plurinominal.com.mx\/index.php?rest_route=%2Fwp%2Fv2%2Fcategories&post=1267"},{"taxonomy":"post_tag","embeddable":true,"href":"https:\/\/www.plurinominal.com.mx\/index.php?rest_route=%2Fwp%2Fv2%2Ftags&post=1267"}],"curies":[{"name":"wp","href":"https:\/\/api.w.org\/{rel}","templated":true}]}}