{"id":1269,"date":"2011-12-14T08:54:58","date_gmt":"2011-12-14T14:54:58","guid":{"rendered":"http:\/\/www.plurinominal.com.mx\/?p=1269"},"modified":"2012-01-13T08:55:25","modified_gmt":"2012-01-13T14:55:25","slug":"se-registro-un-accidente-sobre-la-calle-rafael-nieto","status":"publish","type":"post","link":"https:\/\/www.plurinominal.com.mx\/?p=1269","title":{"rendered":"Se registr\u00f3 un accidente sobre la calle Rafael Nieto"},"content":{"rendered":"<p>El responsable huy\u00f3, pero a su auto se le cay\u00f3 una placa<\/p>\n<p>Del equipo de redacci\u00f3n<br \/>\nA la oficina de la polic\u00eda de nuestro municipio acudi\u00f3 la se\u00f1ora Mar\u00eda de los Remedios Guzm\u00e1n D\u00edaz, para poner en conocimiento que junto a su esposo fue v\u00edctima de un choque ocurrido en la calle Rafael Nieto.<br \/>\nPolic\u00edas recibieron la queja el martes 13 de diciembre, en la comandancia, ah\u00ed fue donde atendieron a la se\u00f1ora que tiene cumplidos 53 a\u00f1os y dijo que actualmente vive en la calle Moctezuma No. 31, del barrio de San Antonio.<br \/>\nElla manifest\u00f3 que la camioneta de color verde y arena, marca Dodge, fue estacionada por su esposo Alejandro V\u00e1zquez, afuera de una vulcanizadora.<br \/>\nEstaban esperando a que les \u201cparcharan\u201d una llanta, cuando fue impactada por la parte de atr\u00e1s.<br \/>\nPara buena fortuna de los afectados, el impacto hizo que a la camioneta blanca, pick up, que manejaba la persona causante del accidente, se le cayera la placa delantera, pero no se detuvo y humeando continu\u00f3 calle arriba buscando escapar de sus responsabilidades.<br \/>\nPor parte de los afectados se hab\u00eda llegado a la conclusi\u00f3n de presentar la demanda correspondiente, porque no esperaban que el causante regresara a liquidar los da\u00f1os que caus\u00f3.<\/p>\n","protected":false},"excerpt":{"rendered":"<p>El responsable huy\u00f3, pero a su auto se le cay\u00f3 una placa Del equipo de redacci\u00f3n A la oficina de la polic\u00eda de nuestro municipio acudi\u00f3 la se\u00f1ora Mar\u00eda de&#8230;<\/p>\n","protected":false},"author":1,"featured_media":0,"comment_status":"closed","ping_status":"open","sticky":false,"template":"","format":"standard","meta":{"footnotes":""},"categories":[3],"tags":[],"class_list":["post-1269","post","type-post","status-publish","format-standard","hentry","category-cerritos","entry","simple"],"_links":{"self":[{"href":"https:\/\/www.plurinominal.com.mx\/index.php?rest_route=\/wp\/v2\/posts\/1269","targetHints":{"allow":["GET"]}}],"collection":[{"href":"https:\/\/www.plurinominal.com.mx\/index.php?rest_route=\/wp\/v2\/posts"}],"about":[{"href":"https:\/\/www.plurinominal.com.mx\/index.php?rest_route=\/wp\/v2\/types\/post"}],"author":[{"embeddable":true,"href":"https:\/\/www.plurinominal.com.mx\/index.php?rest_route=\/wp\/v2\/users\/1"}],"replies":[{"embeddable":true,"href":"https:\/\/www.plurinominal.com.mx\/index.php?rest_route=%2Fwp%2Fv2%2Fcomments&post=1269"}],"version-history":[{"count":0,"href":"https:\/\/www.plurinominal.com.mx\/index.php?rest_route=\/wp\/v2\/posts\/1269\/revisions"}],"wp:attachment":[{"href":"https:\/\/www.plurinominal.com.mx\/index.php?rest_route=%2Fwp%2Fv2%2Fmedia&parent=1269"}],"wp:term":[{"taxonomy":"category","embeddable":true,"href":"https:\/\/www.plurinominal.com.mx\/index.php?rest_route=%2Fwp%2Fv2%2Fcategories&post=1269"},{"taxonomy":"post_tag","embeddable":true,"href":"https:\/\/www.plurinominal.com.mx\/index.php?rest_route=%2Fwp%2Fv2%2Ftags&post=1269"}],"curies":[{"name":"wp","href":"https:\/\/api.w.org\/{rel}","templated":true}]}}