{"id":12703,"date":"2019-06-21T21:51:07","date_gmt":"2019-06-22T02:51:07","guid":{"rendered":"http:\/\/www.plurinominal.com.mx\/?p=12703"},"modified":"2019-06-27T21:52:02","modified_gmt":"2019-06-28T02:52:02","slug":"cerritenses-obtienen-medalla-estudiantes-ejemplares-2019","status":"publish","type":"post","link":"https:\/\/www.plurinominal.com.mx\/?p=12703","title":{"rendered":"Cerritenses obtienen Medalla Estudiantes Ejemplares 2019"},"content":{"rendered":"<ul>\n<li class=\"western\"><em>Diana Gloria Garc\u00eda Guerrero y C\u00e9sar Dashiel Castillo Rosales destacan entre 500 alumnos potosinos<\/em><\/li>\n<\/ul>\n<p class=\"western\" style=\"text-align: justify;\"><span style=\"font-family: 'trebuchet ms', geneva, sans-serif;\"><strong><span style=\"font-size: 10pt;\">Por REDACCI\u00d3N.-<\/span><\/strong><\/span>&nbsp;Cerritos cuenta con dos \u00abmedallistas 2019\u00bb. Este 19 de Junio del a\u00f1o en curso se llev\u00f3 a cabo en el Teatro de la Paz la ceremonia de imposici\u00f3n de la Medalla Estudiantes Ejemplares en su edici\u00f3n 2019, donde los j\u00f3venes Diana Gloria Garc\u00eda Guerrero \u2013del Octavo Semestre de la Licenciatura en Administraci\u00f3n en el ITSLP\u2013 y C\u00e9sar Dashiel Castillo Rosales \u2013del Octavo Semestre de la Ingenier\u00eda en Tecnolog\u00edas de Manufactura en la UPSLP\u2013 resultaron galardonados con dicha medalla.<\/p>\n<p class=\"western\" style=\"text-align: justify;\">La distinci\u00f3n se entreg\u00f3 solo a 30 estudiantes de aproximadamente 500 alumnos destacados de todo el estado.<\/p>\n<p class=\"western\" style=\"text-align: justify;\">La Fundaci\u00f3n Trayectoria de \u00c9xito reconoci\u00f3 el esfuerzo y trayectoria estudiantil de los j\u00f3venes potosinos, y de este modo los j\u00f3venes cerritenses lograron poner en alto el nombre del municipio en esta importante ceremonia.<\/p>\n","protected":false},"excerpt":{"rendered":"<p>Cerritos cuenta con dos \u00abmedallistas 2019\u00bb. Este 19 de Junio del a\u00f1o en curso se llev\u00f3 a cabo en el Teatro de la Paz la ceremonia de imposici\u00f3n de la Medalla Estudiantes Ejemplares en su edici\u00f3n 2019, donde los j\u00f3venes Diana Gloria Garc\u00eda Guerrero \u2013del Octavo Semestre de la Licenciatura en Administraci\u00f3n en el ITSLP\u2013 y C\u00e9sar Dashiel Castillo Rosales \u2013del Octavo Semestre de la Ingenier\u00eda en Tecnolog\u00edas de Manufactura en la UPSLP\u2013 resultaron galardonados con dicha medalla.<\/p>\n","protected":false},"author":1,"featured_media":12704,"comment_status":"closed","ping_status":"open","sticky":false,"template":"","format":"standard","meta":{"footnotes":""},"categories":[3,483,486],"tags":[],"class_list":["post-12703","post","type-post","status-publish","format-standard","has-post-thumbnail","hentry","category-cerritos","category-cultura","category-educacion","entry","simple"],"_links":{"self":[{"href":"https:\/\/www.plurinominal.com.mx\/index.php?rest_route=\/wp\/v2\/posts\/12703","targetHints":{"allow":["GET"]}}],"collection":[{"href":"https:\/\/www.plurinominal.com.mx\/index.php?rest_route=\/wp\/v2\/posts"}],"about":[{"href":"https:\/\/www.plurinominal.com.mx\/index.php?rest_route=\/wp\/v2\/types\/post"}],"author":[{"embeddable":true,"href":"https:\/\/www.plurinominal.com.mx\/index.php?rest_route=\/wp\/v2\/users\/1"}],"replies":[{"embeddable":true,"href":"https:\/\/www.plurinominal.com.mx\/index.php?rest_route=%2Fwp%2Fv2%2Fcomments&post=12703"}],"version-history":[{"count":0,"href":"https:\/\/www.plurinominal.com.mx\/index.php?rest_route=\/wp\/v2\/posts\/12703\/revisions"}],"wp:featuredmedia":[{"embeddable":true,"href":"https:\/\/www.plurinominal.com.mx\/index.php?rest_route=\/wp\/v2\/media\/12704"}],"wp:attachment":[{"href":"https:\/\/www.plurinominal.com.mx\/index.php?rest_route=%2Fwp%2Fv2%2Fmedia&parent=12703"}],"wp:term":[{"taxonomy":"category","embeddable":true,"href":"https:\/\/www.plurinominal.com.mx\/index.php?rest_route=%2Fwp%2Fv2%2Fcategories&post=12703"},{"taxonomy":"post_tag","embeddable":true,"href":"https:\/\/www.plurinominal.com.mx\/index.php?rest_route=%2Fwp%2Fv2%2Ftags&post=12703"}],"curies":[{"name":"wp","href":"https:\/\/api.w.org\/{rel}","templated":true}]}}