{"id":1275,"date":"2011-12-15T09:03:30","date_gmt":"2011-12-15T15:03:30","guid":{"rendered":"http:\/\/www.plurinominal.com.mx\/?p=1275"},"modified":"2012-01-13T09:04:00","modified_gmt":"2012-01-13T15:04:00","slug":"atrapan-a-aprendiz-de-roba-carros-en-fiestas-de-el-quelital","status":"publish","type":"post","link":"https:\/\/www.plurinominal.com.mx\/?p=1275","title":{"rendered":"Atrapan a aprendiz de roba carros en fiestas de \u201cEl Quelital\u201d"},"content":{"rendered":"<p>Estaba un menor de edad en la camioneta que quiso robar<br \/>\nEn su carrera termin\u00f3 impactando a 3 veh\u00edculos<\/p>\n<p>Ma. del Carmen V.<br \/>\nSujeto quiso robar una camioneta en la cual estaba un menor de edad pero al final fue detenido porque acab\u00f3 chocando contra 3 carros que estaban estacionados.<br \/>\nEste 12 de diciembre en la comunidad del Quelital, \u2014perteneciente a Guadalc\u00e1zar\u2014 sucedieron los hechos que sorprendieron a los vecinos del lugar debido que desde hac\u00eda muchos a\u00f1os, no se registraban incidentes de este tipo durante el desarrollo de las fiestas patronales.<br \/>\nGrande el movimiento policiaco debido al intento de robo de frustrado ladr\u00f3n que no le interes\u00f3 que en el interior del auto que se quiso llevar yac\u00eda un ni\u00f1o dormido.<br \/>\nTestigos presenciales explicaron el modo en que el tipo intent\u00f3 apoderarse de la camioneta, pero sus movimientos fueron torpes debido al nerviosismo y embriaguez. En su loca carrera se impact\u00f3 contra 3 veh\u00edculos que estaban estacionados.<br \/>\nElementos estatales aprovecharon el accidente para detener a quien dijo ser apodado \u201cEl Chito\u201d, originario de San Nicol\u00e1s del Bosque.<br \/>\nComo el individuo siempre hab\u00eda mostrado una conducta tranquila, lo calificaron como \u201caprendiz de roba carros\u201d.<br \/>\nAunque no definieron hacia d\u00f3nde fue conducido, todo hac\u00eda suponer que lo trasladaron a las celdas de Cerritos.<br \/>\nEste martes 13 de diciembre,  se observ\u00f3 a elementos de la Secretar\u00eda de Seguridad P\u00fablica del Estado en la comunidad del Quelital invitando a los afectados a interponer la denuncia formal contra el detenido.<\/p>\n","protected":false},"excerpt":{"rendered":"<p>Estaba un menor de edad en la camioneta que quiso robar En su carrera termin\u00f3 impactando a 3 veh\u00edculos Ma. del Carmen V. Sujeto quiso robar una camioneta en la&#8230;<\/p>\n","protected":false},"author":1,"featured_media":0,"comment_status":"closed","ping_status":"open","sticky":false,"template":"","format":"standard","meta":{"footnotes":""},"categories":[6],"tags":[],"class_list":["post-1275","post","type-post","status-publish","format-standard","hentry","category-guadalcazar","entry","simple"],"_links":{"self":[{"href":"https:\/\/www.plurinominal.com.mx\/index.php?rest_route=\/wp\/v2\/posts\/1275","targetHints":{"allow":["GET"]}}],"collection":[{"href":"https:\/\/www.plurinominal.com.mx\/index.php?rest_route=\/wp\/v2\/posts"}],"about":[{"href":"https:\/\/www.plurinominal.com.mx\/index.php?rest_route=\/wp\/v2\/types\/post"}],"author":[{"embeddable":true,"href":"https:\/\/www.plurinominal.com.mx\/index.php?rest_route=\/wp\/v2\/users\/1"}],"replies":[{"embeddable":true,"href":"https:\/\/www.plurinominal.com.mx\/index.php?rest_route=%2Fwp%2Fv2%2Fcomments&post=1275"}],"version-history":[{"count":0,"href":"https:\/\/www.plurinominal.com.mx\/index.php?rest_route=\/wp\/v2\/posts\/1275\/revisions"}],"wp:attachment":[{"href":"https:\/\/www.plurinominal.com.mx\/index.php?rest_route=%2Fwp%2Fv2%2Fmedia&parent=1275"}],"wp:term":[{"taxonomy":"category","embeddable":true,"href":"https:\/\/www.plurinominal.com.mx\/index.php?rest_route=%2Fwp%2Fv2%2Fcategories&post=1275"},{"taxonomy":"post_tag","embeddable":true,"href":"https:\/\/www.plurinominal.com.mx\/index.php?rest_route=%2Fwp%2Fv2%2Ftags&post=1275"}],"curies":[{"name":"wp","href":"https:\/\/api.w.org\/{rel}","templated":true}]}}