{"id":1281,"date":"2011-12-16T09:05:58","date_gmt":"2011-12-16T15:05:58","guid":{"rendered":"http:\/\/www.plurinominal.com.mx\/?p=1281"},"modified":"2012-01-13T09:06:44","modified_gmt":"2012-01-13T15:06:44","slug":"denuncian-mal-servicio-del-servicio-vetv","status":"publish","type":"post","link":"https:\/\/www.plurinominal.com.mx\/?p=1281","title":{"rendered":"Denuncian mal servicio del servicio \u00abVeTv\u00bb"},"content":{"rendered":"<p>Marco Serna<br \/>\nGuadalc\u00e1zar.- Vecinos denunciaron mal servicio del sistema \u201cVeTv\u201d.<br \/>\nUno de los afectados explic\u00f3 a Plurinominal que fue de los primeros en contratarlo, pagando 3 meses por adelantado.<br \/>\n\u201cTodo iba bien\u201d, explica el denunciante, \u201chasta que comenz\u00f3 el cuarto mes y ocurrieron fallas\u201d.<br \/>\nMarcelo Ram\u00edrez, \u2014comerciante de esa localidad\u2014, dijo que a pesar de que realiz\u00f3 m\u00faltiples llamadas telef\u00f3nicas, fue imposible que atendieran el llamado, aunque siempre se comprometieron a hacerlo a la brevedad.<br \/>\nManifest\u00f3 que de entrada le mencionaron que en el banco no exist\u00eda un dep\u00f3sito a favor de la compa\u00f1\u00eda. De inmediato acudi\u00f3 a la instituci\u00f3n bancaria a hacer lo necesario pero todo fue en vano.<br \/>\nLuego prometieron arreglar el detalle en menos de 3 d\u00edas, pero no fue as\u00ed.<br \/>\nEnojado, el hombre retir\u00f3 los aparatos conectados, y al ver a un representante de la compa\u00f1\u00eda, se los devolv\u00eda a cambio de $700 pesos que fue el total que le cobraron por ser de los primeros en contratar el servicio, pero se negaron a devolver la cantidad.<\/p>\n","protected":false},"excerpt":{"rendered":"<p>Marco Serna Guadalc\u00e1zar.- Vecinos denunciaron mal servicio del sistema \u201cVeTv\u201d. Uno de los afectados explic\u00f3 a Plurinominal que fue de los primeros en contratarlo, pagando 3 meses por adelantado. \u201cTodo&#8230;<\/p>\n","protected":false},"author":1,"featured_media":0,"comment_status":"closed","ping_status":"open","sticky":false,"template":"","format":"standard","meta":{"footnotes":""},"categories":[6],"tags":[],"class_list":["post-1281","post","type-post","status-publish","format-standard","hentry","category-guadalcazar","entry","simple"],"_links":{"self":[{"href":"https:\/\/www.plurinominal.com.mx\/index.php?rest_route=\/wp\/v2\/posts\/1281","targetHints":{"allow":["GET"]}}],"collection":[{"href":"https:\/\/www.plurinominal.com.mx\/index.php?rest_route=\/wp\/v2\/posts"}],"about":[{"href":"https:\/\/www.plurinominal.com.mx\/index.php?rest_route=\/wp\/v2\/types\/post"}],"author":[{"embeddable":true,"href":"https:\/\/www.plurinominal.com.mx\/index.php?rest_route=\/wp\/v2\/users\/1"}],"replies":[{"embeddable":true,"href":"https:\/\/www.plurinominal.com.mx\/index.php?rest_route=%2Fwp%2Fv2%2Fcomments&post=1281"}],"version-history":[{"count":0,"href":"https:\/\/www.plurinominal.com.mx\/index.php?rest_route=\/wp\/v2\/posts\/1281\/revisions"}],"wp:attachment":[{"href":"https:\/\/www.plurinominal.com.mx\/index.php?rest_route=%2Fwp%2Fv2%2Fmedia&parent=1281"}],"wp:term":[{"taxonomy":"category","embeddable":true,"href":"https:\/\/www.plurinominal.com.mx\/index.php?rest_route=%2Fwp%2Fv2%2Fcategories&post=1281"},{"taxonomy":"post_tag","embeddable":true,"href":"https:\/\/www.plurinominal.com.mx\/index.php?rest_route=%2Fwp%2Fv2%2Ftags&post=1281"}],"curies":[{"name":"wp","href":"https:\/\/api.w.org\/{rel}","templated":true}]}}