{"id":12843,"date":"2020-03-31T20:36:40","date_gmt":"2020-04-01T02:36:40","guid":{"rendered":"http:\/\/www.plurinominal.com.mx\/?p=12843"},"modified":"2020-03-31T20:36:40","modified_gmt":"2020-04-01T02:36:40","slug":"difunden-protocolo-de-manejo-de-cadaveres-por-covid-19-o-neumonia","status":"publish","type":"post","link":"https:\/\/www.plurinominal.com.mx\/?p=12843","title":{"rendered":"Difunden protocolo de manejo de cad\u00e1veres por covid-19 o neumon\u00eda"},"content":{"rendered":"<ul>\n<li class=\"western\" lang=\"es-ES\">Debe evitarse la velaci\u00f3n de los cuerpos, indican los Servicios de Salud<\/li>\n<li class=\"western\" lang=\"es-ES\">Capacitan a funerarias: ceremonias ser\u00e1n sencillas, privadas, breves, con f\u00e9retro cerrado y dentro de las 12 horas posteriores a la defunci\u00f3n<\/li>\n<\/ul>\n<p class=\"western\" lang=\"es-ES\" style=\"text-align: justify;\"><span style=\"font-size: 10pt; font-family: 'trebuchet ms', geneva, sans-serif;\"><strong>Por MARCO SERNA.-&nbsp;<\/strong><\/span>Personal funerario de este lugar revel\u00f3 parte del protocolo de manejo de cad\u00e1veres de personas que hayan fallecido por coronavirus, o bien por <span lang=\"es-ES\">\u00abenfermedad respiratoria aguda\u00bb (neumon\u00eda).<\/span><\/p>\n<p class=\"western\" lang=\"es-ES\" style=\"text-align: justify;\">Josu\u00e9 Mart\u00ednez, de Funerales El \u00c1ngel dijo a Plurinominal que los cuerpos no podr\u00e1n ser velados, pues se debe evitar la concentraci\u00f3n de personas en ceremonias luctuosas, esto incluye las etapas de sepelio y celebraci\u00f3n de misas de cuerpo presente. Los actos \u00abdeber\u00e1n ser sencillos, privados y breves\u00bb.<\/p>\n<p class=\"western\" lang=\"es-ES\" style=\"text-align: justify;\">En el oficio de fecha 27 de marzo <span lang=\"es-ES\">de los Servicios de Salud del Estado se destaca que la velaci\u00f3n de los cad\u00e1veres debe evitarse.<\/span><\/p>\n<p class=\"western\" lang=\"es-ES\" style=\"text-align: justify;\">El propietario de la funeraria, dijo que tambi\u00e9n debe efectuarse el traslado del cad\u00e1ver en f\u00e9retro cerrado, dentro del cual se colocar\u00e1 el cuerpo conservado al interior de una bolsa pl\u00e1stica con cierre, y adem\u00e1s <span lang=\"es-ES\">el entierro o incineraci\u00f3n habr\u00e1 de realizarse lo m\u00e1s pronto posible, dentro del rango de las 12 horas posteriores a la muerte, lo anterior en t\u00e9rminos del art\u00edculo 108 del Reglamento de la Ley General de Salud en materia de disposici\u00f3n de \u00f3rganos, tejidos y cad\u00e1veres de seres humanos.<\/span><\/p>\n<p class=\"western\" lang=\"es-ES\" style=\"text-align: justify;\">Al respecto<span lang=\"es-ES\"> la Secretar\u00eda de Salud explic\u00f3 en rueda de prensa que las funerarias siguen los lineamientos que se aplican de forma internacional, por ello es necesario que<\/span> las medidas se <span lang=\"es-ES\">les expliquen <\/span>a los familiares para que en el momento en que ya est\u00e9 el cad\u00e1ver en la bolsa y en el ata\u00fad, ya no se vuelva a abrir, y en caso de que requieran velarlo se haga en corto tiempo y con el ata\u00fad cerrado. (27\/03\/20)<\/p>\n","protected":false},"excerpt":{"rendered":"<p>Debe evitarse la velaci\u00f3n de los cuerpos, indican los Servicios de Salud Capacitan a funerarias: ceremonias ser\u00e1n sencillas, privadas, breves, con f\u00e9retro cerrado y dentro de las 12 horas posteriores&#8230;<\/p>\n","protected":false},"author":1,"featured_media":12844,"comment_status":"closed","ping_status":"open","sticky":false,"template":"","format":"standard","meta":{"footnotes":""},"categories":[3,486],"tags":[],"class_list":["post-12843","post","type-post","status-publish","format-standard","has-post-thumbnail","hentry","category-cerritos","category-educacion","entry","simple"],"_links":{"self":[{"href":"https:\/\/www.plurinominal.com.mx\/index.php?rest_route=\/wp\/v2\/posts\/12843","targetHints":{"allow":["GET"]}}],"collection":[{"href":"https:\/\/www.plurinominal.com.mx\/index.php?rest_route=\/wp\/v2\/posts"}],"about":[{"href":"https:\/\/www.plurinominal.com.mx\/index.php?rest_route=\/wp\/v2\/types\/post"}],"author":[{"embeddable":true,"href":"https:\/\/www.plurinominal.com.mx\/index.php?rest_route=\/wp\/v2\/users\/1"}],"replies":[{"embeddable":true,"href":"https:\/\/www.plurinominal.com.mx\/index.php?rest_route=%2Fwp%2Fv2%2Fcomments&post=12843"}],"version-history":[{"count":0,"href":"https:\/\/www.plurinominal.com.mx\/index.php?rest_route=\/wp\/v2\/posts\/12843\/revisions"}],"wp:featuredmedia":[{"embeddable":true,"href":"https:\/\/www.plurinominal.com.mx\/index.php?rest_route=\/wp\/v2\/media\/12844"}],"wp:attachment":[{"href":"https:\/\/www.plurinominal.com.mx\/index.php?rest_route=%2Fwp%2Fv2%2Fmedia&parent=12843"}],"wp:term":[{"taxonomy":"category","embeddable":true,"href":"https:\/\/www.plurinominal.com.mx\/index.php?rest_route=%2Fwp%2Fv2%2Fcategories&post=12843"},{"taxonomy":"post_tag","embeddable":true,"href":"https:\/\/www.plurinominal.com.mx\/index.php?rest_route=%2Fwp%2Fv2%2Ftags&post=12843"}],"curies":[{"name":"wp","href":"https:\/\/api.w.org\/{rel}","templated":true}]}}