{"id":12904,"date":"2020-05-22T02:30:14","date_gmt":"2020-05-22T07:30:14","guid":{"rendered":"http:\/\/www.plurinominal.com.mx\/?p=12904"},"modified":"2020-05-22T02:30:14","modified_gmt":"2020-05-22T07:30:14","slug":"medidas-sanitarias-deben-ser-de-observancia-general","status":"publish","type":"post","link":"https:\/\/www.plurinominal.com.mx\/?p=12904","title":{"rendered":"Medidas sanitarias deben ser de observancia general"},"content":{"rendered":"<ul>\n<li class=\"western\">Telecom y otros negocios no cuentan con gel antibacterial<\/li>\n<\/ul>\n<p class=\"western\"><span style=\"font-size: 10pt; font-family: 'trebuchet ms', geneva, sans-serif;\"><strong>Por REDACCI\u00d3N.-&nbsp;<\/strong><\/span>Vecinos de esta cabecera se muestran inconformes porque algunos negocios no acatan las medidas sanitarias impuestas para contener la pandemia provocada por el Covid-19.<\/p>\n<p class=\"western\"><span lang=\"es-MX\">C<\/span>on el fin de volver poco a poco a la normalidad, el Honorable Ayuntamiento estableci\u00f3 que para entrar a los negocios <span lang=\"es-MX\">ser\u00eda <\/span>necesario usar cubrebocas, gel antibacterial y guardar distancia de metro y medio con otras personas.<\/p>\n<p class=\"western\">Los quejosos aseguran que en algunos establecimientos no cuidan las medidas impuestas, por eso preguntan a qui\u00e9n corresponde que se cumplan.<\/p>\n<p class=\"western\"><span lang=\"es-MX\">Una<\/span> oficina que diariamente ha recibido a muchos visitantes es la de tel\u00e9grafos (Telecom)<span lang=\"es-MX\">.<\/span><\/p>\n<p class=\"western\"><span lang=\"es-MX\">Pero e<\/span>l lugar no cuenta ni siquiera con gel antibacterial, <span lang=\"es-MX\">tampoco<\/span> exige <span lang=\"es-MX\">sana distancia y no impide la entrada a quienes no usan cubrebocas.<\/span><\/p>\n<p class=\"western\">\u00abEs una oficina del sector p\u00fablico y deber\u00eda poner el ejemplo\u00bb, <span lang=\"es-MX\">dijo un denunciante, mientras otra persona considera que al ser de gobierno nadie puede llamarles la atenci\u00f3n.<\/span><\/p>\n<p class=\"western\">Comparan a Telecom con Banco Azteca. En este \u00faltimo un empleado recibe a las personas que realizar\u00e1n tr\u00e1mites.<span lang=\"es-MX\">L<\/span>es aplica gel antibacterial en las manos, \u00ablo que no sucede en tel\u00e9grafos<span lang=\"es-MX\">\u00ab, lugar que ha contado con cientos de visitantes incluso de comunidades y municipios vecinos.<\/span><\/p>\n<p class=\"western\"><span lang=\"es-MX\">Los quejosos quieren <\/span>que las medidas sanitarias sean de car\u00e1cter obligatorio<span lang=\"es-MX\">, pues h<\/span>ablan tambi\u00e9n de <span lang=\"es-MX\">los<\/span> comercios donde propietarios permiten la entrada de muchas personas al mismo tiempo sin respetar las medidas<span lang=\"es-MX\"> sanitarias.<\/span><\/p>\n<p class=\"western\"><span lang=\"es-MX\">Adem\u00e1s apuntan a <\/span>la falta de <span lang=\"es-MX\">criterio<\/span> de quienes est\u00e1n en los retenes cuidando la entrada a la ciudad<span lang=\"es-MX\">.<\/span><\/p>\n<p class=\"western\"><span lang=\"es-MX\">A veces exigen a ocupantes del veh\u00edculo que lleven cubrebocas al conducir, incluso si son miembros de una misma familia. Pobladores creen<\/span> que esto no es necesario, <span lang=\"es-MX\">solo <\/span>cuando se ingresa a un lugar donde no est\u00e1 garantizada la sana distancia como los supermercados.<\/p>\n<p class=\"western\">\u00abMientras exigen esto <span lang=\"es-MX\">al entrar en veh\u00edculo<\/span>, en el centro de la ciudad hay mucha gente que no se ve que porte esa prenda\u00bb, finaliz\u00f3 un denunciante.<\/p>\n","protected":false},"excerpt":{"rendered":"<p>Con el fin de volver poco a poco a la normalidad, el Honorable Ayuntamiento estableci\u00f3 que para entrar a los negocios ser\u00eda necesario usar cubrebocas, gel antibacterial y guardar distancia de metro y medio con otras personas.<\/p>\n","protected":false},"author":1,"featured_media":12905,"comment_status":"closed","ping_status":"open","sticky":false,"template":"","format":"standard","meta":{"footnotes":""},"categories":[3,483,486],"tags":[],"class_list":["post-12904","post","type-post","status-publish","format-standard","has-post-thumbnail","hentry","category-cerritos","category-cultura","category-educacion","entry","simple"],"_links":{"self":[{"href":"https:\/\/www.plurinominal.com.mx\/index.php?rest_route=\/wp\/v2\/posts\/12904","targetHints":{"allow":["GET"]}}],"collection":[{"href":"https:\/\/www.plurinominal.com.mx\/index.php?rest_route=\/wp\/v2\/posts"}],"about":[{"href":"https:\/\/www.plurinominal.com.mx\/index.php?rest_route=\/wp\/v2\/types\/post"}],"author":[{"embeddable":true,"href":"https:\/\/www.plurinominal.com.mx\/index.php?rest_route=\/wp\/v2\/users\/1"}],"replies":[{"embeddable":true,"href":"https:\/\/www.plurinominal.com.mx\/index.php?rest_route=%2Fwp%2Fv2%2Fcomments&post=12904"}],"version-history":[{"count":0,"href":"https:\/\/www.plurinominal.com.mx\/index.php?rest_route=\/wp\/v2\/posts\/12904\/revisions"}],"wp:featuredmedia":[{"embeddable":true,"href":"https:\/\/www.plurinominal.com.mx\/index.php?rest_route=\/wp\/v2\/media\/12905"}],"wp:attachment":[{"href":"https:\/\/www.plurinominal.com.mx\/index.php?rest_route=%2Fwp%2Fv2%2Fmedia&parent=12904"}],"wp:term":[{"taxonomy":"category","embeddable":true,"href":"https:\/\/www.plurinominal.com.mx\/index.php?rest_route=%2Fwp%2Fv2%2Fcategories&post=12904"},{"taxonomy":"post_tag","embeddable":true,"href":"https:\/\/www.plurinominal.com.mx\/index.php?rest_route=%2Fwp%2Fv2%2Ftags&post=12904"}],"curies":[{"name":"wp","href":"https:\/\/api.w.org\/{rel}","templated":true}]}}