{"id":1291,"date":"2011-12-13T09:11:04","date_gmt":"2011-12-13T15:11:04","guid":{"rendered":"http:\/\/www.plurinominal.com.mx\/?p=1291"},"modified":"2012-01-13T09:11:37","modified_gmt":"2012-01-13T15:11:37","slug":"acuso-a-joven-por-robo","status":"publish","type":"post","link":"https:\/\/www.plurinominal.com.mx\/?p=1291","title":{"rendered":"Acus\u00f3 a joven por robo"},"content":{"rendered":"<p>Del equipo de redacci\u00f3n<br \/>\nSe\u00f1or de la calle Ocampo revel\u00f3 un robo, acusando de los hechos a otro sujeto al que \u00fanicamente conoce como \u201cFrancisco\u201d.<br \/>\nIgnacio Salazar \u2014de 68 a\u00f1os\u2014 tiene su domicilio en la calle Ocampo 20 B del municipio de Cerritos. \u00c9l acudi\u00f3 a poner un conocimiento de hechos en la Direcci\u00f3n de Seguridad.<br \/>\nExpuso el faltante de una l\u00e1mpara de bater\u00edas, acusando de la sustracci\u00f3n al muchacho, que \u201cno es la primera vez que se mete a su casa\u201d.<br \/>\nFue aproximadamente a las 15:00 horas de este 11 de diciembre, cuando sucedieron los hechos, por eso interpondr\u00eda la denuncia correspondiente ante el Ministerio P\u00fablico de este lugar.<\/p>\n","protected":false},"excerpt":{"rendered":"<p>Del equipo de redacci\u00f3n Se\u00f1or de la calle Ocampo revel\u00f3 un robo, acusando de los hechos a otro sujeto al que \u00fanicamente conoce como \u201cFrancisco\u201d. Ignacio Salazar \u2014de 68 a\u00f1os\u2014&#8230;<\/p>\n","protected":false},"author":1,"featured_media":0,"comment_status":"closed","ping_status":"open","sticky":false,"template":"","format":"standard","meta":{"footnotes":""},"categories":[3],"tags":[],"class_list":["post-1291","post","type-post","status-publish","format-standard","hentry","category-cerritos","entry","simple"],"_links":{"self":[{"href":"https:\/\/www.plurinominal.com.mx\/index.php?rest_route=\/wp\/v2\/posts\/1291","targetHints":{"allow":["GET"]}}],"collection":[{"href":"https:\/\/www.plurinominal.com.mx\/index.php?rest_route=\/wp\/v2\/posts"}],"about":[{"href":"https:\/\/www.plurinominal.com.mx\/index.php?rest_route=\/wp\/v2\/types\/post"}],"author":[{"embeddable":true,"href":"https:\/\/www.plurinominal.com.mx\/index.php?rest_route=\/wp\/v2\/users\/1"}],"replies":[{"embeddable":true,"href":"https:\/\/www.plurinominal.com.mx\/index.php?rest_route=%2Fwp%2Fv2%2Fcomments&post=1291"}],"version-history":[{"count":0,"href":"https:\/\/www.plurinominal.com.mx\/index.php?rest_route=\/wp\/v2\/posts\/1291\/revisions"}],"wp:attachment":[{"href":"https:\/\/www.plurinominal.com.mx\/index.php?rest_route=%2Fwp%2Fv2%2Fmedia&parent=1291"}],"wp:term":[{"taxonomy":"category","embeddable":true,"href":"https:\/\/www.plurinominal.com.mx\/index.php?rest_route=%2Fwp%2Fv2%2Fcategories&post=1291"},{"taxonomy":"post_tag","embeddable":true,"href":"https:\/\/www.plurinominal.com.mx\/index.php?rest_route=%2Fwp%2Fv2%2Ftags&post=1291"}],"curies":[{"name":"wp","href":"https:\/\/api.w.org\/{rel}","templated":true}]}}