{"id":1293,"date":"2011-12-16T09:11:51","date_gmt":"2011-12-16T15:11:51","guid":{"rendered":"http:\/\/www.plurinominal.com.mx\/?p=1293"},"modified":"2012-01-13T09:12:11","modified_gmt":"2012-01-13T15:12:11","slug":"mejoran-alumbrado-central-en-villa-juarez","status":"publish","type":"post","link":"https:\/\/www.plurinominal.com.mx\/?p=1293","title":{"rendered":"Mejoran alumbrado central en Villa Ju\u00e1rez"},"content":{"rendered":"<p>To\u00f1o R.<br \/>\nPor iniciativa del presidente municipal Jes\u00fas Ruiz Castillo se realiza la colocaci\u00f3n de alumbrado en diferentes puntos de la plaza principal.<br \/>\nEn total ser\u00e1n 58 l\u00e1mparas las que personal del departamento de obras p\u00fablicas del municipio de Villa Ju\u00e1rez  instalar\u00e1 con la finalidad de mejorar considerablemente la iluminaci\u00f3n central, propiciando un espacio agradable y m\u00e1s seguro a las familias que visitan este lugar.<br \/>\nCada una de las l\u00e1mparas cuenta con un foco de los denominados \u201cahorradores\u201d. Con esta caracter\u00edstica se evita un gasto elevado en energ\u00eda el\u00e9ctrica y se puede alumbrar este lugar de esparcimiento al mismo tiempo que se economiza en gasto.<br \/>\nEsas acciones son parte de las mejoras que se le han realizado a la plaza principal desde el principio de la actual administraci\u00f3n las cuales han sido reforestaci\u00f3n en algunos sectores, mantenimiento y construcci\u00f3n de bancas as\u00ed como de guarniciones y algunas partes que se encontraban deterioradas, la rehabilitaci\u00f3n del kiosco y construcci\u00f3n de jardineras.<\/p>\n","protected":false},"excerpt":{"rendered":"<p>To\u00f1o R. Por iniciativa del presidente municipal Jes\u00fas Ruiz Castillo se realiza la colocaci\u00f3n de alumbrado en diferentes puntos de la plaza principal. En total ser\u00e1n 58 l\u00e1mparas las que&#8230;<\/p>\n","protected":false},"author":1,"featured_media":0,"comment_status":"closed","ping_status":"open","sticky":false,"template":"","format":"standard","meta":{"footnotes":""},"categories":[4],"tags":[],"class_list":["post-1293","post","type-post","status-publish","format-standard","hentry","category-villa-juarez","entry","simple"],"_links":{"self":[{"href":"https:\/\/www.plurinominal.com.mx\/index.php?rest_route=\/wp\/v2\/posts\/1293","targetHints":{"allow":["GET"]}}],"collection":[{"href":"https:\/\/www.plurinominal.com.mx\/index.php?rest_route=\/wp\/v2\/posts"}],"about":[{"href":"https:\/\/www.plurinominal.com.mx\/index.php?rest_route=\/wp\/v2\/types\/post"}],"author":[{"embeddable":true,"href":"https:\/\/www.plurinominal.com.mx\/index.php?rest_route=\/wp\/v2\/users\/1"}],"replies":[{"embeddable":true,"href":"https:\/\/www.plurinominal.com.mx\/index.php?rest_route=%2Fwp%2Fv2%2Fcomments&post=1293"}],"version-history":[{"count":0,"href":"https:\/\/www.plurinominal.com.mx\/index.php?rest_route=\/wp\/v2\/posts\/1293\/revisions"}],"wp:attachment":[{"href":"https:\/\/www.plurinominal.com.mx\/index.php?rest_route=%2Fwp%2Fv2%2Fmedia&parent=1293"}],"wp:term":[{"taxonomy":"category","embeddable":true,"href":"https:\/\/www.plurinominal.com.mx\/index.php?rest_route=%2Fwp%2Fv2%2Fcategories&post=1293"},{"taxonomy":"post_tag","embeddable":true,"href":"https:\/\/www.plurinominal.com.mx\/index.php?rest_route=%2Fwp%2Fv2%2Ftags&post=1293"}],"curies":[{"name":"wp","href":"https:\/\/api.w.org\/{rel}","templated":true}]}}