{"id":1295,"date":"2011-12-17T09:12:25","date_gmt":"2011-12-17T15:12:25","guid":{"rendered":"http:\/\/www.plurinominal.com.mx\/?p=1295"},"modified":"2012-01-13T09:13:10","modified_gmt":"2012-01-13T15:13:10","slug":"se-aprecia-espiritu-navideno-en-villa-juarez","status":"publish","type":"post","link":"https:\/\/www.plurinominal.com.mx\/?p=1295","title":{"rendered":"Se aprecia esp\u00edritu navide\u00f1o en Villa Ju\u00e1rez"},"content":{"rendered":"<p>To\u00f1o R.<br \/>\nDebido a la cercan\u00eda de las celebraciones decembrinas, el esp\u00edritu navide\u00f1o ya se aprecia en el municipio de villa Ju\u00e1rez.<br \/>\nPersonal de obras p\u00fablicas por instrucciones del presidente municipal Jes\u00fas Ruiz Castillo instalaron en la plaza principal luminarias y adornos con motivos navide\u00f1os con lo cual se inician los festejos de esta importante fecha.<br \/>\nEn el acceso principal de la cabecera municipal se realiz\u00f3 un arco artesanal donde se aprecian flores de sotol confeccionadas por personas originarias de esta regi\u00f3n quienes se han dedicado por a\u00f1os a este arte el cual se fomenta con este tipo de expresiones.<br \/>\nEn este arco es posible apreciar una leyenda la cual da la bienvenida a los paisanos quienes nos visitan en estas fechas para reunirse con sus familiares.<br \/>\nSe contempla la colocaci\u00f3n de m\u00e1s adornos navide\u00f1os, en la presidencia municipal \u2014fachada y oficinas\u2014.<\/p>\n","protected":false},"excerpt":{"rendered":"<p>To\u00f1o R. Debido a la cercan\u00eda de las celebraciones decembrinas, el esp\u00edritu navide\u00f1o ya se aprecia en el municipio de villa Ju\u00e1rez. Personal de obras p\u00fablicas por instrucciones del presidente&#8230;<\/p>\n","protected":false},"author":1,"featured_media":0,"comment_status":"closed","ping_status":"open","sticky":false,"template":"","format":"standard","meta":{"footnotes":""},"categories":[4],"tags":[],"class_list":["post-1295","post","type-post","status-publish","format-standard","hentry","category-villa-juarez","entry","simple"],"_links":{"self":[{"href":"https:\/\/www.plurinominal.com.mx\/index.php?rest_route=\/wp\/v2\/posts\/1295","targetHints":{"allow":["GET"]}}],"collection":[{"href":"https:\/\/www.plurinominal.com.mx\/index.php?rest_route=\/wp\/v2\/posts"}],"about":[{"href":"https:\/\/www.plurinominal.com.mx\/index.php?rest_route=\/wp\/v2\/types\/post"}],"author":[{"embeddable":true,"href":"https:\/\/www.plurinominal.com.mx\/index.php?rest_route=\/wp\/v2\/users\/1"}],"replies":[{"embeddable":true,"href":"https:\/\/www.plurinominal.com.mx\/index.php?rest_route=%2Fwp%2Fv2%2Fcomments&post=1295"}],"version-history":[{"count":0,"href":"https:\/\/www.plurinominal.com.mx\/index.php?rest_route=\/wp\/v2\/posts\/1295\/revisions"}],"wp:attachment":[{"href":"https:\/\/www.plurinominal.com.mx\/index.php?rest_route=%2Fwp%2Fv2%2Fmedia&parent=1295"}],"wp:term":[{"taxonomy":"category","embeddable":true,"href":"https:\/\/www.plurinominal.com.mx\/index.php?rest_route=%2Fwp%2Fv2%2Fcategories&post=1295"},{"taxonomy":"post_tag","embeddable":true,"href":"https:\/\/www.plurinominal.com.mx\/index.php?rest_route=%2Fwp%2Fv2%2Ftags&post=1295"}],"curies":[{"name":"wp","href":"https:\/\/api.w.org\/{rel}","templated":true}]}}