{"id":1297,"date":"2011-12-18T09:13:16","date_gmt":"2011-12-18T15:13:16","guid":{"rendered":"http:\/\/www.plurinominal.com.mx\/?p=1297"},"modified":"2012-01-13T09:13:38","modified_gmt":"2012-01-13T15:13:38","slug":"trabajan-en-rehabilitacion-de-la-calle-allende-de-villa-juarez","status":"publish","type":"post","link":"https:\/\/www.plurinominal.com.mx\/?p=1297","title":{"rendered":"Trabajan en rehabilitaci\u00f3n de la calle Allende de Villa Ju\u00e1rez"},"content":{"rendered":"<p>To\u00f1o R.<br \/>\nDebido al mal estado que presentaba, se realiza la rehabilitaci\u00f3n de la calle Allende en la cabecera municipal de Villa Ju\u00e1rez.<br \/>\nEl tramo que se encuentra en reparaci\u00f3n es desde la calle 20 de noviembre, hasta el camino a la presa, siendo aproximadamente 360 metros lineales de esta arteria los que ser\u00e1n rehabilitados.<br \/>\nSe realiza la colocaci\u00f3n de material de banco, as\u00ed como el esparcimiento y acomodo del mismo con maquinaria pesada, logrando as\u00ed la rehabilitaci\u00f3n de este tramo.<br \/>\nSe tiene estimado que los trabajos concluyan a la brevedad posible para evitar molestias a la ciudadan\u00eda, posterior a esto, la v\u00eda ser\u00e1 m\u00e1s f\u00e1cil de transitar.<\/p>\n","protected":false},"excerpt":{"rendered":"<p>To\u00f1o R. Debido al mal estado que presentaba, se realiza la rehabilitaci\u00f3n de la calle Allende en la cabecera municipal de Villa Ju\u00e1rez. El tramo que se encuentra en reparaci\u00f3n&#8230;<\/p>\n","protected":false},"author":1,"featured_media":0,"comment_status":"closed","ping_status":"open","sticky":false,"template":"","format":"standard","meta":{"footnotes":""},"categories":[4],"tags":[],"class_list":["post-1297","post","type-post","status-publish","format-standard","hentry","category-villa-juarez","entry","simple"],"_links":{"self":[{"href":"https:\/\/www.plurinominal.com.mx\/index.php?rest_route=\/wp\/v2\/posts\/1297","targetHints":{"allow":["GET"]}}],"collection":[{"href":"https:\/\/www.plurinominal.com.mx\/index.php?rest_route=\/wp\/v2\/posts"}],"about":[{"href":"https:\/\/www.plurinominal.com.mx\/index.php?rest_route=\/wp\/v2\/types\/post"}],"author":[{"embeddable":true,"href":"https:\/\/www.plurinominal.com.mx\/index.php?rest_route=\/wp\/v2\/users\/1"}],"replies":[{"embeddable":true,"href":"https:\/\/www.plurinominal.com.mx\/index.php?rest_route=%2Fwp%2Fv2%2Fcomments&post=1297"}],"version-history":[{"count":0,"href":"https:\/\/www.plurinominal.com.mx\/index.php?rest_route=\/wp\/v2\/posts\/1297\/revisions"}],"wp:attachment":[{"href":"https:\/\/www.plurinominal.com.mx\/index.php?rest_route=%2Fwp%2Fv2%2Fmedia&parent=1297"}],"wp:term":[{"taxonomy":"category","embeddable":true,"href":"https:\/\/www.plurinominal.com.mx\/index.php?rest_route=%2Fwp%2Fv2%2Fcategories&post=1297"},{"taxonomy":"post_tag","embeddable":true,"href":"https:\/\/www.plurinominal.com.mx\/index.php?rest_route=%2Fwp%2Fv2%2Ftags&post=1297"}],"curies":[{"name":"wp","href":"https:\/\/api.w.org\/{rel}","templated":true}]}}