{"id":1308,"date":"2012-01-12T09:18:03","date_gmt":"2012-01-12T15:18:03","guid":{"rendered":"http:\/\/www.plurinominal.com.mx\/?p=1308"},"modified":"2012-01-13T09:18:46","modified_gmt":"2012-01-13T15:18:46","slug":"muchacho-de-guadalcazar-murio-camino-al-imss","status":"publish","type":"post","link":"https:\/\/www.plurinominal.com.mx\/?p=1308","title":{"rendered":"Muchacho de Guadalc\u00e1zar muri\u00f3 camino al IMSS"},"content":{"rendered":"<p>Del equipo de redacci\u00f3n<br \/>\nHombre joven fue ingresado al IMSS sin vida la ma\u00f1ana de este mi\u00e9rcoles 11 de enero.<br \/>\nPlurinominal estuvo atento al asunto en el que se notaban personas de la comunidad de Buenavista Guadalc\u00e1zar, quienes argumentaban al Ministerio P\u00fablico que no era necesario el traslado del cuerpo a la ciudad de Rioverde donde se le practicar\u00eda la necropsia para determinar con exactitud las causas del deceso.<br \/>\nA toda costa trataban de impedir el traslado, mientras el Ministerio P\u00fablico explicaba el fundamento de sus acciones.<br \/>\nSe sabe, que quienes practicar\u00e1n la necropsia, expresar\u00e1n con minuciosidad el estado que guarde el cad\u00e1ver y las causas que originaron la muerte.<br \/>\nSin embargo, indica la ley procesal penal del estado, que \u201cno se practicar\u00e1 la necropsia cuando el Ministerio P\u00fablico o el juez, en su caso, oyendo la opini\u00f3n de los peritos, estimen que no es necesario\u201d.<br \/>\nEn este caso los familiares del fallecido no lograron obtener el certificado m\u00e9dico de personal de salud que llev\u00f3 al tratamiento del difunto, pues se asegur\u00f3 que \u201cmuri\u00f3 en el camino\u201d.<br \/>\nIndicaron los polic\u00edas ministeriales, que los cad\u00e1veres, previa inspecci\u00f3n y descripci\u00f3n minuciosas hechas por el Agente del Ministerio P\u00fablico que practique las primeras diligencias, podr\u00e1n ser entregados a los peritos m\u00e9dicos para que practiquen la necropsia cuando proceda, y posteriormente ser\u00e1n entregados a quienes con derecho los reclamen.<br \/>\nMarco Antonio Garc\u00eda Rodr\u00edguez, cuya edad no sobrepasaba los 18 a\u00f1os, se sabe que era una persona que no present\u00f3 problemas de salud anteriores.<br \/>\nTen\u00eda por afici\u00f3n el jaripeo y trascendi\u00f3 que el martes repentinamente sufri\u00f3 un desmayo. Los problemas continuaron este mi\u00e9rcoles y durante su traslado al IMSS perdi\u00f3 la vida.<br \/>\nPor cuestiones de tiempo, Plurinominal no logr\u00f3 saber si efectivamente como se rumora, sufri\u00f3 una ca\u00edda en un jaripeo llevado a cabo el 12 de diciembre, lo que posteriormente ocasion\u00f3 la defunci\u00f3n.<\/p>\n","protected":false},"excerpt":{"rendered":"<p>Del equipo de redacci\u00f3n Hombre joven fue ingresado al IMSS sin vida la ma\u00f1ana de este mi\u00e9rcoles 11 de enero. Plurinominal estuvo atento al asunto en el que se notaban&#8230;<\/p>\n","protected":false},"author":1,"featured_media":0,"comment_status":"closed","ping_status":"open","sticky":false,"template":"","format":"standard","meta":{"footnotes":""},"categories":[3,6],"tags":[],"class_list":["post-1308","post","type-post","status-publish","format-standard","hentry","category-cerritos","category-guadalcazar","entry","simple"],"_links":{"self":[{"href":"https:\/\/www.plurinominal.com.mx\/index.php?rest_route=\/wp\/v2\/posts\/1308","targetHints":{"allow":["GET"]}}],"collection":[{"href":"https:\/\/www.plurinominal.com.mx\/index.php?rest_route=\/wp\/v2\/posts"}],"about":[{"href":"https:\/\/www.plurinominal.com.mx\/index.php?rest_route=\/wp\/v2\/types\/post"}],"author":[{"embeddable":true,"href":"https:\/\/www.plurinominal.com.mx\/index.php?rest_route=\/wp\/v2\/users\/1"}],"replies":[{"embeddable":true,"href":"https:\/\/www.plurinominal.com.mx\/index.php?rest_route=%2Fwp%2Fv2%2Fcomments&post=1308"}],"version-history":[{"count":0,"href":"https:\/\/www.plurinominal.com.mx\/index.php?rest_route=\/wp\/v2\/posts\/1308\/revisions"}],"wp:attachment":[{"href":"https:\/\/www.plurinominal.com.mx\/index.php?rest_route=%2Fwp%2Fv2%2Fmedia&parent=1308"}],"wp:term":[{"taxonomy":"category","embeddable":true,"href":"https:\/\/www.plurinominal.com.mx\/index.php?rest_route=%2Fwp%2Fv2%2Fcategories&post=1308"},{"taxonomy":"post_tag","embeddable":true,"href":"https:\/\/www.plurinominal.com.mx\/index.php?rest_route=%2Fwp%2Fv2%2Ftags&post=1308"}],"curies":[{"name":"wp","href":"https:\/\/api.w.org\/{rel}","templated":true}]}}