{"id":1313,"date":"2012-01-13T09:29:39","date_gmt":"2012-01-13T15:29:39","guid":{"rendered":"http:\/\/www.plurinominal.com.mx\/?p=1313"},"modified":"2012-01-13T09:29:39","modified_gmt":"2012-01-13T15:29:39","slug":"se-le-nublo-la-vista-e-impacto-su-vehiculo-contra-poste","status":"publish","type":"post","link":"https:\/\/www.plurinominal.com.mx\/?p=1313","title":{"rendered":"Se le nubl\u00f3 la vista e impact\u00f3 su veh\u00edculo contra poste"},"content":{"rendered":"<p>Miles de da\u00f1os materiales a causa del accidente<\/p>\n<p>Mario Ch.<br \/>\nMientras conduc\u00eda sobre la calle P\u00edpila casi esquina con Ju\u00e1rez, a un hombre se le nubl\u00f3 la vista e impact\u00f3 su veh\u00edculo contra un poste para quedar encima de la banqueta, causando un accidente valorado en miles de pesos.<br \/>\nHerculano P\u00e9rez Hern\u00e1ndez, de la calle Epifanio Castillo 68 del barrio de Francia, sufri\u00f3 las consecuencias de la diabetes.<br \/>\n\u00c9l manejaba una camioneta FORD, color rojo, placas NAH2291 del estado de Georgia con \u201ccamper\u201d del mismo color. \u00c9sta qued\u00f3 pr\u00e1cticamente inservible. (MUCHO MAS EN LA EDICION IMPRESA).<\/p>\n","protected":false},"excerpt":{"rendered":"<p>Miles de da\u00f1os materiales a causa del accidente Mario Ch. Mientras conduc\u00eda sobre la calle P\u00edpila casi esquina con Ju\u00e1rez, a un hombre se le nubl\u00f3 la vista e impact\u00f3&#8230;<\/p>\n","protected":false},"author":1,"featured_media":1314,"comment_status":"closed","ping_status":"open","sticky":false,"template":"","format":"standard","meta":{"footnotes":""},"categories":[3],"tags":[],"class_list":["post-1313","post","type-post","status-publish","format-standard","has-post-thumbnail","hentry","category-cerritos","entry","simple"],"_links":{"self":[{"href":"https:\/\/www.plurinominal.com.mx\/index.php?rest_route=\/wp\/v2\/posts\/1313","targetHints":{"allow":["GET"]}}],"collection":[{"href":"https:\/\/www.plurinominal.com.mx\/index.php?rest_route=\/wp\/v2\/posts"}],"about":[{"href":"https:\/\/www.plurinominal.com.mx\/index.php?rest_route=\/wp\/v2\/types\/post"}],"author":[{"embeddable":true,"href":"https:\/\/www.plurinominal.com.mx\/index.php?rest_route=\/wp\/v2\/users\/1"}],"replies":[{"embeddable":true,"href":"https:\/\/www.plurinominal.com.mx\/index.php?rest_route=%2Fwp%2Fv2%2Fcomments&post=1313"}],"version-history":[{"count":0,"href":"https:\/\/www.plurinominal.com.mx\/index.php?rest_route=\/wp\/v2\/posts\/1313\/revisions"}],"wp:featuredmedia":[{"embeddable":true,"href":"https:\/\/www.plurinominal.com.mx\/index.php?rest_route=\/wp\/v2\/media\/1314"}],"wp:attachment":[{"href":"https:\/\/www.plurinominal.com.mx\/index.php?rest_route=%2Fwp%2Fv2%2Fmedia&parent=1313"}],"wp:term":[{"taxonomy":"category","embeddable":true,"href":"https:\/\/www.plurinominal.com.mx\/index.php?rest_route=%2Fwp%2Fv2%2Fcategories&post=1313"},{"taxonomy":"post_tag","embeddable":true,"href":"https:\/\/www.plurinominal.com.mx\/index.php?rest_route=%2Fwp%2Fv2%2Ftags&post=1313"}],"curies":[{"name":"wp","href":"https:\/\/api.w.org\/{rel}","templated":true}]}}