{"id":1326,"date":"2012-01-14T14:15:31","date_gmt":"2012-01-14T20:15:31","guid":{"rendered":"http:\/\/www.plurinominal.com.mx\/?p=1326"},"modified":"2012-01-14T14:15:31","modified_gmt":"2012-01-14T20:15:31","slug":"descubren-narco-fosa-en-cerritos","status":"publish","type":"post","link":"https:\/\/www.plurinominal.com.mx\/?p=1326","title":{"rendered":"Descubren \u00abnarco fosa\u00bb en Cerritos"},"content":{"rendered":"<p><a href=\"https:\/\/www.plurinominal.com.mx\/wp-content\/uploads\/FOSA-copia-copia.jpg\"><img loading=\"lazy\" decoding=\"async\" class=\"alignleft size-medium wp-image-1327\" title=\"FOSA copia copia\" src=\"https:\/\/www.plurinominal.com.mx\/wp-content\/uploads\/FOSA-copia-copia-300x199.jpg\" alt=\"\" width=\"300\" height=\"199\" srcset=\"https:\/\/www.plurinominal.com.mx\/wp-content\/uploads\/FOSA-copia-copia-300x199.jpg 300w, https:\/\/www.plurinominal.com.mx\/wp-content\/uploads\/FOSA-copia-copia.jpg 425w\" sizes=\"auto, (max-width: 300px) 100vw, 300px\" \/><\/a>13:20 PM.-El hallazgo de una fosa con cuerpos en la comunidad de Manzanillas \u2014lugar que pertenece a Cerritos\u2014, la madrugada de hoy, gener\u00f3 la movilizaci\u00f3n de autoridades de todos niveles.<br \/>\nFue necesaria una m\u00e1quina para sacar los cuerpos y se cree que por la zona pueden existir m\u00e1s cad\u00e1veres enterrados.<\/p>\n","protected":false},"excerpt":{"rendered":"<p>13:20 PM.-El hallazgo de una fosa con cuerpos en la comunidad de Manzanillas \u2014lugar que pertenece a Cerritos\u2014, la madrugada de hoy, gener\u00f3 la movilizaci\u00f3n de autoridades de todos niveles.&#8230;<\/p>\n","protected":false},"author":1,"featured_media":0,"comment_status":"closed","ping_status":"open","sticky":false,"template":"","format":"standard","meta":{"footnotes":""},"categories":[3],"tags":[],"class_list":["post-1326","post","type-post","status-publish","format-standard","hentry","category-cerritos","entry","simple"],"_links":{"self":[{"href":"https:\/\/www.plurinominal.com.mx\/index.php?rest_route=\/wp\/v2\/posts\/1326","targetHints":{"allow":["GET"]}}],"collection":[{"href":"https:\/\/www.plurinominal.com.mx\/index.php?rest_route=\/wp\/v2\/posts"}],"about":[{"href":"https:\/\/www.plurinominal.com.mx\/index.php?rest_route=\/wp\/v2\/types\/post"}],"author":[{"embeddable":true,"href":"https:\/\/www.plurinominal.com.mx\/index.php?rest_route=\/wp\/v2\/users\/1"}],"replies":[{"embeddable":true,"href":"https:\/\/www.plurinominal.com.mx\/index.php?rest_route=%2Fwp%2Fv2%2Fcomments&post=1326"}],"version-history":[{"count":0,"href":"https:\/\/www.plurinominal.com.mx\/index.php?rest_route=\/wp\/v2\/posts\/1326\/revisions"}],"wp:attachment":[{"href":"https:\/\/www.plurinominal.com.mx\/index.php?rest_route=%2Fwp%2Fv2%2Fmedia&parent=1326"}],"wp:term":[{"taxonomy":"category","embeddable":true,"href":"https:\/\/www.plurinominal.com.mx\/index.php?rest_route=%2Fwp%2Fv2%2Fcategories&post=1326"},{"taxonomy":"post_tag","embeddable":true,"href":"https:\/\/www.plurinominal.com.mx\/index.php?rest_route=%2Fwp%2Fv2%2Ftags&post=1326"}],"curies":[{"name":"wp","href":"https:\/\/api.w.org\/{rel}","templated":true}]}}