{"id":1337,"date":"2012-01-15T14:32:39","date_gmt":"2012-01-15T20:32:39","guid":{"rendered":"http:\/\/www.plurinominal.com.mx\/?p=1337"},"modified":"2012-01-15T14:32:39","modified_gmt":"2012-01-15T20:32:39","slug":"6-craneos-en-fosa-clandestina","status":"publish","type":"post","link":"https:\/\/www.plurinominal.com.mx\/?p=1337","title":{"rendered":"6 cr\u00e1neos en fosa clandestina"},"content":{"rendered":"<p><a href=\"https:\/\/www.plurinominal.com.mx\/wp-content\/uploads\/PORTADA-411-copia.jpg\"><img loading=\"lazy\" decoding=\"async\" class=\"alignleft size-medium wp-image-1338\" title=\"Maquetaci\u00f3n 1\" src=\"https:\/\/www.plurinominal.com.mx\/wp-content\/uploads\/PORTADA-411-copia-251x300.jpg\" alt=\"\" width=\"251\" height=\"300\" srcset=\"https:\/\/www.plurinominal.com.mx\/wp-content\/uploads\/PORTADA-411-copia-251x300.jpg 251w, https:\/\/www.plurinominal.com.mx\/wp-content\/uploads\/PORTADA-411-copia.jpg 761w\" sizes=\"auto, (max-width: 251px) 100vw, 251px\" \/><\/a>El hallazgo de 6 cr\u00e1neos en una fosa clandestina es uno de los sucesos m\u00e1s relevantes ocurrido en Cerritos durante d\u00e9cadas. FOTO: Plurinominal 411.<\/p>\n","protected":false},"excerpt":{"rendered":"<p>El hallazgo de 6 cr\u00e1neos en una fosa clandestina es uno de los sucesos m\u00e1s relevantes ocurrido en Cerritos durante d\u00e9cadas. FOTO: Plurinominal 411.<\/p>\n","protected":false},"author":1,"featured_media":0,"comment_status":"closed","ping_status":"open","sticky":false,"template":"","format":"standard","meta":{"footnotes":""},"categories":[3],"tags":[],"class_list":["post-1337","post","type-post","status-publish","format-standard","hentry","category-cerritos","entry","simple"],"_links":{"self":[{"href":"https:\/\/www.plurinominal.com.mx\/index.php?rest_route=\/wp\/v2\/posts\/1337","targetHints":{"allow":["GET"]}}],"collection":[{"href":"https:\/\/www.plurinominal.com.mx\/index.php?rest_route=\/wp\/v2\/posts"}],"about":[{"href":"https:\/\/www.plurinominal.com.mx\/index.php?rest_route=\/wp\/v2\/types\/post"}],"author":[{"embeddable":true,"href":"https:\/\/www.plurinominal.com.mx\/index.php?rest_route=\/wp\/v2\/users\/1"}],"replies":[{"embeddable":true,"href":"https:\/\/www.plurinominal.com.mx\/index.php?rest_route=%2Fwp%2Fv2%2Fcomments&post=1337"}],"version-history":[{"count":0,"href":"https:\/\/www.plurinominal.com.mx\/index.php?rest_route=\/wp\/v2\/posts\/1337\/revisions"}],"wp:attachment":[{"href":"https:\/\/www.plurinominal.com.mx\/index.php?rest_route=%2Fwp%2Fv2%2Fmedia&parent=1337"}],"wp:term":[{"taxonomy":"category","embeddable":true,"href":"https:\/\/www.plurinominal.com.mx\/index.php?rest_route=%2Fwp%2Fv2%2Fcategories&post=1337"},{"taxonomy":"post_tag","embeddable":true,"href":"https:\/\/www.plurinominal.com.mx\/index.php?rest_route=%2Fwp%2Fv2%2Ftags&post=1337"}],"curies":[{"name":"wp","href":"https:\/\/api.w.org\/{rel}","templated":true}]}}