{"id":135,"date":"2011-10-23T01:39:59","date_gmt":"2011-10-23T01:39:59","guid":{"rendered":"http:\/\/www.plurinominal.com.mx\/?p=135"},"modified":"2011-11-05T01:40:29","modified_gmt":"2011-11-05T01:40:29","slug":"el-pan-tras-%e2%80%9cel-empresario-del-amaranto%e2%80%9d","status":"publish","type":"post","link":"https:\/\/www.plurinominal.com.mx\/?p=135","title":{"rendered":"El PAN tras \u201cEl empresario del amaranto\u201d"},"content":{"rendered":"<p>Pretenden la candidatura de Julio Reyes Guzm\u00e1n <\/p>\n<p>Ma. del Carmen V.<br \/>\nCiudadanos cerritenses han sido invitados a sumarse al proyecto que pretende llevar a la candidatura por Acci\u00f3n Nacional a Julio Reyes Guzm\u00e1n, mejor conocido como \u201cel empresario del amaranto\u201d. As\u00ed lo conocen porque participa en un grupo de campesinos que cultivan esa planta en la comunidad de Mezquites.<br \/>\nEse grupo de panistas, est\u00e1 entusiasmado con el proyecto y consideran que Reyes Guzm\u00e1n ser\u00eda un buen candidato para encabezar al Partido.<br \/>\nLos promotores son reconocidos panistas, entre los que se encuentra el Profesor Manuel D\u00edaz Olavide.<br \/>\nDestacaron que hace poco, frente a la casa del posible candidato se encontraban algunos veh\u00edculos de personas que militan en AN.<br \/>\nAl cuestionar a los promotores del proyecto sobre los otros pre candidatos, \u00e9stos contestaron que a Tom\u00e1s de Le\u00f3n ya le hab\u00edan dicho que se hiciera a un lado, porque ten\u00eda pocas posibilidades.<br \/>\nDe Gregorio Carbajal se\u00f1alaron que no son muchas las personas que lo siguen y del Licenciado Arturo Narv\u00e1ez manifestaron, \u201cque se debe dedicar a su notar\u00eda\u201d.<br \/>\nJulio Reyes Guzm\u00e1n \u00abtiene dinero para pagar la campa\u00f1a\u00bb, con esto dejaron claro cu\u00e1l es la posici\u00f3n para promover a quien hasta hace unos a\u00f1os radicaba en los Estados Unidos.<br \/>\nSe desconoce si el posible candidato de Acci\u00f3n Nacional comulga al cien por ciento con la ideolog\u00eda blanquiazul. Sin embargo lo anterior tambi\u00e9n contravendr\u00eda lo expuesto por algunos militantes, quienes han dicho que el candidato debe ser un miembro activo.<br \/>\nOtros miembros de Acci\u00f3n Nacional que entrevistamos, primero dijeron ignorar la situaci\u00f3n, pero luego explicaron que en el partido buscan erradicar el viejo vicio de proponer un candidato por el solo hecho de tener dinero.<br \/>\nSe\u00f1alaron que Julio Reyes hace s\u00f3lo unos a\u00f1os radicaba en los Estados Unidos.<br \/>\nA su llegada a este municipio fue Presidente de la Sociedad de Padres de Familia de la escuela secundaria T\u00e9cnica n\u00famero 11.<br \/>\nHace poco tiempo estableci\u00f3 un negocio comercial en la comunidad de Mezquites.<br \/>\nDe ah\u00ed en fuera se desconoce \u201cqu\u00e9 otras acciones ha llevado a cabo\u201d, sin embargo algunos panistas lo consideran como la persona adecuada para conducir el destino de este lugar. <\/p>\n","protected":false},"excerpt":{"rendered":"<p>Pretenden la candidatura de Julio Reyes Guzm\u00e1n Ma. del Carmen V. Ciudadanos cerritenses han sido invitados a sumarse al proyecto que pretende llevar a la candidatura por Acci\u00f3n Nacional a&#8230;<\/p>\n","protected":false},"author":1,"featured_media":0,"comment_status":"closed","ping_status":"open","sticky":false,"template":"","format":"standard","meta":{"footnotes":""},"categories":[3],"tags":[83,84],"class_list":["post-135","post","type-post","status-publish","format-standard","hentry","category-cerritos","tag-amaranto","tag-julio-reyes","entry","simple"],"_links":{"self":[{"href":"https:\/\/www.plurinominal.com.mx\/index.php?rest_route=\/wp\/v2\/posts\/135","targetHints":{"allow":["GET"]}}],"collection":[{"href":"https:\/\/www.plurinominal.com.mx\/index.php?rest_route=\/wp\/v2\/posts"}],"about":[{"href":"https:\/\/www.plurinominal.com.mx\/index.php?rest_route=\/wp\/v2\/types\/post"}],"author":[{"embeddable":true,"href":"https:\/\/www.plurinominal.com.mx\/index.php?rest_route=\/wp\/v2\/users\/1"}],"replies":[{"embeddable":true,"href":"https:\/\/www.plurinominal.com.mx\/index.php?rest_route=%2Fwp%2Fv2%2Fcomments&post=135"}],"version-history":[{"count":0,"href":"https:\/\/www.plurinominal.com.mx\/index.php?rest_route=\/wp\/v2\/posts\/135\/revisions"}],"wp:attachment":[{"href":"https:\/\/www.plurinominal.com.mx\/index.php?rest_route=%2Fwp%2Fv2%2Fmedia&parent=135"}],"wp:term":[{"taxonomy":"category","embeddable":true,"href":"https:\/\/www.plurinominal.com.mx\/index.php?rest_route=%2Fwp%2Fv2%2Fcategories&post=135"},{"taxonomy":"post_tag","embeddable":true,"href":"https:\/\/www.plurinominal.com.mx\/index.php?rest_route=%2Fwp%2Fv2%2Ftags&post=135"}],"curies":[{"name":"wp","href":"https:\/\/api.w.org\/{rel}","templated":true}]}}