{"id":1350,"date":"2012-01-15T23:02:04","date_gmt":"2012-01-16T05:02:04","guid":{"rendered":"http:\/\/www.plurinominal.com.mx\/?p=1350"},"modified":"2012-01-15T23:02:04","modified_gmt":"2012-01-16T05:02:04","slug":"se-quedo-sin-frenos-y-choco","status":"publish","type":"post","link":"https:\/\/www.plurinominal.com.mx\/?p=1350","title":{"rendered":"Se qued\u00f3 sin frenos y choc\u00f3"},"content":{"rendered":"<p><a href=\"https:\/\/www.plurinominal.com.mx\/wp-content\/uploads\/CHOQUE-MATIAS-DE-AVILA.jpg\"><img loading=\"lazy\" decoding=\"async\" class=\"alignleft size-medium wp-image-1351\" title=\"CHOQUE MATIAS DE AVILA\" src=\"https:\/\/www.plurinominal.com.mx\/wp-content\/uploads\/CHOQUE-MATIAS-DE-AVILA-300x199.jpg\" alt=\"\" width=\"300\" height=\"199\" srcset=\"https:\/\/www.plurinominal.com.mx\/wp-content\/uploads\/CHOQUE-MATIAS-DE-AVILA-300x199.jpg 300w, https:\/\/www.plurinominal.com.mx\/wp-content\/uploads\/CHOQUE-MATIAS-DE-AVILA.jpg 425w\" sizes=\"auto, (max-width: 300px) 100vw, 300px\" \/><\/a>21:37 PM.- Sobre la calle Mat\u00edas de \u00c1vila, un coche se qued\u00f3 sin frenos. Logr\u00f3 una velocidad tal que en su trayecto impact\u00f3 a otro en la esquina con Guerrero, \u2014esta unidad qued\u00f3 pr\u00e1cticamente inservible\u2014. El primer veh\u00edculo sigui\u00f3 la marcha por Chicosein, donde derrib\u00f3 un poste y termin\u00f3 su camino casi al final de la arteria llamada Santos Degollado. Todos los detalles en la edici\u00f3n impresa.<\/p>\n","protected":false},"excerpt":{"rendered":"<p>21:37 PM.- Sobre la calle Mat\u00edas de \u00c1vila, un coche se qued\u00f3 sin frenos. Logr\u00f3 una velocidad tal que en su trayecto impact\u00f3 a otro en la esquina con Guerrero,&#8230;<\/p>\n","protected":false},"author":1,"featured_media":0,"comment_status":"closed","ping_status":"open","sticky":false,"template":"","format":"standard","meta":{"footnotes":""},"categories":[3],"tags":[],"class_list":["post-1350","post","type-post","status-publish","format-standard","hentry","category-cerritos","entry","simple"],"_links":{"self":[{"href":"https:\/\/www.plurinominal.com.mx\/index.php?rest_route=\/wp\/v2\/posts\/1350","targetHints":{"allow":["GET"]}}],"collection":[{"href":"https:\/\/www.plurinominal.com.mx\/index.php?rest_route=\/wp\/v2\/posts"}],"about":[{"href":"https:\/\/www.plurinominal.com.mx\/index.php?rest_route=\/wp\/v2\/types\/post"}],"author":[{"embeddable":true,"href":"https:\/\/www.plurinominal.com.mx\/index.php?rest_route=\/wp\/v2\/users\/1"}],"replies":[{"embeddable":true,"href":"https:\/\/www.plurinominal.com.mx\/index.php?rest_route=%2Fwp%2Fv2%2Fcomments&post=1350"}],"version-history":[{"count":0,"href":"https:\/\/www.plurinominal.com.mx\/index.php?rest_route=\/wp\/v2\/posts\/1350\/revisions"}],"wp:attachment":[{"href":"https:\/\/www.plurinominal.com.mx\/index.php?rest_route=%2Fwp%2Fv2%2Fmedia&parent=1350"}],"wp:term":[{"taxonomy":"category","embeddable":true,"href":"https:\/\/www.plurinominal.com.mx\/index.php?rest_route=%2Fwp%2Fv2%2Fcategories&post=1350"},{"taxonomy":"post_tag","embeddable":true,"href":"https:\/\/www.plurinominal.com.mx\/index.php?rest_route=%2Fwp%2Fv2%2Ftags&post=1350"}],"curies":[{"name":"wp","href":"https:\/\/api.w.org\/{rel}","templated":true}]}}