{"id":1356,"date":"2011-12-19T23:14:50","date_gmt":"2011-12-20T05:14:50","guid":{"rendered":"http:\/\/www.plurinominal.com.mx\/?p=1356"},"modified":"2012-01-15T23:15:15","modified_gmt":"2012-01-16T05:15:15","slug":"promocionaron-al-pri-durante-posada-navidena-2","status":"publish","type":"post","link":"https:\/\/www.plurinominal.com.mx\/?p=1356","title":{"rendered":"Promocionaron al PRI durante \u201cposada navide\u00f1a\u201d"},"content":{"rendered":"<p>Del equipo de redacci\u00f3n<br \/>\nAprovechando la nutrida asistencia de personas en el acto de la \u201cposada navide\u00f1a\u201d de este 17 de diciembre, organizadores manifestaron ante los asistentes que \u201cel PRI estaba abierto para todos los ciudadanos\u201d. \u00abEstamos con ustedes en las buenas y en las malas\u00bb. Expres\u00f3 Jaime Montelongo.<br \/>\nPor su parte, la Licenciada Leticia V\u00e1zquez Hern\u00e1ndez, \u2014Presidenta de la Organizaci\u00f3n Municipal de  Mujeres Pri\u00edstas\u2014, durante su intervenci\u00f3n agradeci\u00f3 la presencia de la Secretaria General del Comit\u00e9 Directivo Estatal, Rosa Mar\u00eda Huerta, as\u00ed como la aportaci\u00f3n de Ram\u00f3n Guardiola, y a todos sus compa\u00f1eros de trabajo por la contribuci\u00f3n realizada.<br \/>\nSe reconoci\u00f3 el apoyo de las familias Pacheco Balderas, Mart\u00ednez Reyes y Moreno Rodr\u00edguez, as\u00ed como de Jos\u00e9 Rosales, \u2014un paisano \u201cya retirado\u201d\u2014, pero que quiere contribuir con el municipio.<br \/>\nAl mismo tiempo se agradeci\u00f3 el apoyo del Comit\u00e9 Directivo Municipal del PRI, al Regidor Rafael Nava Ruiz y el esfuerzo de todas las mujeres a quienes calific\u00f3 como \u00abLas Guerrilleras\u00bb.<br \/>\nV\u00e1zquez Hern\u00e1ndez, tambi\u00e9n dirigi\u00f3 su gratitud a los militantes del Partido Revolucionario Institucional, y a su familia \u201cpor su presencia y entusiasmo\u201d.<br \/>\nSe\u00f1al\u00f3 que el PRI \u201ctiene engrasado todo el engranaje con el fin de obtener el triunfo a nivel nacional y municipal\u201d.<br \/>\nLa dirigente municipal de las mujeres pri\u00edstas expres\u00f3, que \u201cexiste unidad y se han sacrificado los intereses personales\u201d.<br \/>\n \u00abLo que importa es la unidad del partido y el progreso del municipio\u00bb.<br \/>\nManifest\u00f3 que en el PRI existe una nueva generaci\u00f3n de pol\u00edticos que buscan el beneficio de Cerritos y grit\u00f3, \u00abya basta de estancamiento, basta de inseguridad\u00bb.<br \/>\nAl continuar con su discurso, la dirigente de la OMPRI expres\u00f3, que \u201ccon unidad el partido habr\u00e1 de rescatar la presidencia\u201d, pero hizo \u00e9nfasis que para ello es necesario que el partido llegue unido al proceso electoral.<br \/>\nLa Licenciada explic\u00f3 ante los asistentes que Jos\u00e9 Luis Mart\u00ednez Mel\u00e9ndez \u2014diputado\u2014, don\u00f3  cobijas y tambi\u00e9n agradeci\u00f3 la aportaci\u00f3n del ex Presidente Municipal Salvador Mart\u00ednez Sifuentes. <\/p>\n","protected":false},"excerpt":{"rendered":"<p>Del equipo de redacci\u00f3n Aprovechando la nutrida asistencia de personas en el acto de la \u201cposada navide\u00f1a\u201d de este 17 de diciembre, organizadores manifestaron ante los asistentes que \u201cel PRI&#8230;<\/p>\n","protected":false},"author":1,"featured_media":0,"comment_status":"closed","ping_status":"open","sticky":false,"template":"","format":"standard","meta":{"footnotes":""},"categories":[3],"tags":[],"class_list":["post-1356","post","type-post","status-publish","format-standard","hentry","category-cerritos","entry","simple"],"_links":{"self":[{"href":"https:\/\/www.plurinominal.com.mx\/index.php?rest_route=\/wp\/v2\/posts\/1356","targetHints":{"allow":["GET"]}}],"collection":[{"href":"https:\/\/www.plurinominal.com.mx\/index.php?rest_route=\/wp\/v2\/posts"}],"about":[{"href":"https:\/\/www.plurinominal.com.mx\/index.php?rest_route=\/wp\/v2\/types\/post"}],"author":[{"embeddable":true,"href":"https:\/\/www.plurinominal.com.mx\/index.php?rest_route=\/wp\/v2\/users\/1"}],"replies":[{"embeddable":true,"href":"https:\/\/www.plurinominal.com.mx\/index.php?rest_route=%2Fwp%2Fv2%2Fcomments&post=1356"}],"version-history":[{"count":0,"href":"https:\/\/www.plurinominal.com.mx\/index.php?rest_route=\/wp\/v2\/posts\/1356\/revisions"}],"wp:attachment":[{"href":"https:\/\/www.plurinominal.com.mx\/index.php?rest_route=%2Fwp%2Fv2%2Fmedia&parent=1356"}],"wp:term":[{"taxonomy":"category","embeddable":true,"href":"https:\/\/www.plurinominal.com.mx\/index.php?rest_route=%2Fwp%2Fv2%2Fcategories&post=1356"},{"taxonomy":"post_tag","embeddable":true,"href":"https:\/\/www.plurinominal.com.mx\/index.php?rest_route=%2Fwp%2Fv2%2Ftags&post=1356"}],"curies":[{"name":"wp","href":"https:\/\/api.w.org\/{rel}","templated":true}]}}