{"id":1364,"date":"2011-12-17T23:22:52","date_gmt":"2011-12-18T05:22:52","guid":{"rendered":"http:\/\/www.plurinominal.com.mx\/?p=1364"},"modified":"2012-01-15T23:23:23","modified_gmt":"2012-01-16T05:23:23","slug":"los-dandys-engalanaran-festejos-de-la-rondalla-corisaba","status":"publish","type":"post","link":"https:\/\/www.plurinominal.com.mx\/?p=1364","title":{"rendered":"\u201cLos Dandys\u201d engalanar\u00e1n festejos de \u201cLa Rondalla Corisaba\u201d"},"content":{"rendered":"<p>Ma. Del Carmen V.<br \/>\nEl tr\u00edo \u201cLos Dandys\u201d engalanar\u00e1 los festejos de la Rondalla Corisaba, quien organiza la fiesta con motivo de un a\u00f1o m\u00e1s de conformaci\u00f3n. A la fecha ya todo est\u00e1 listo.<br \/>\nComo se recordar\u00e1, la rondalla inici\u00f3 como Coro de la Iglesia de San Juan Bautista, \u2014de ah\u00ed su nombre\u2014.<br \/>\nEn este diciembre de 2011, los integrantes, hacen extensiva la invitaci\u00f3n al p\u00fablico en general para qu\u00e9 asista al evento que se llevar\u00e1 a cabo en un conocido sal\u00f3n.<br \/>\nDesde 1957, \u201cLos Dandys\u201d crearon un estilo particular que les abri\u00f3 las puertas del \u00e9xito.<br \/>\nDe este tr\u00edo se dice, que se conform\u00f3 en La Colonia Escuadr\u00f3n 201 de la Ciudad de M\u00e9xico, y los primeros integrantes fueron Francisco Escamilla, Jos\u00e9 Luis Segura y Joaqu\u00edn Ruiz, quienes tuvieron la idea de formar un grupo que sonara diferente a los tr\u00edos famosos de esa \u00e9poca como Los Panchos, Los Diamantes o Los Tres Caballeros.<br \/>\nEn un principio se llamaron \u00abLas Tres Piedras\u00bb, ese fue su nombre con el que se dieron a conocer en fiestas de la colonia y peque\u00f1as reuniones.<br \/>\nAhora, con motivo del aniversario de \u201cLa Rondalla Corisaba\u201d, los cerritenses tendremos la oportunidad de escuchar a uno de los tr\u00edos de mayor renombre a nivel nacional.<\/p>\n","protected":false},"excerpt":{"rendered":"<p>Ma. Del Carmen V. El tr\u00edo \u201cLos Dandys\u201d engalanar\u00e1 los festejos de la Rondalla Corisaba, quien organiza la fiesta con motivo de un a\u00f1o m\u00e1s de conformaci\u00f3n. A la fecha&#8230;<\/p>\n","protected":false},"author":1,"featured_media":0,"comment_status":"closed","ping_status":"open","sticky":false,"template":"","format":"standard","meta":{"footnotes":""},"categories":[3],"tags":[],"class_list":["post-1364","post","type-post","status-publish","format-standard","hentry","category-cerritos","entry","simple"],"_links":{"self":[{"href":"https:\/\/www.plurinominal.com.mx\/index.php?rest_route=\/wp\/v2\/posts\/1364","targetHints":{"allow":["GET"]}}],"collection":[{"href":"https:\/\/www.plurinominal.com.mx\/index.php?rest_route=\/wp\/v2\/posts"}],"about":[{"href":"https:\/\/www.plurinominal.com.mx\/index.php?rest_route=\/wp\/v2\/types\/post"}],"author":[{"embeddable":true,"href":"https:\/\/www.plurinominal.com.mx\/index.php?rest_route=\/wp\/v2\/users\/1"}],"replies":[{"embeddable":true,"href":"https:\/\/www.plurinominal.com.mx\/index.php?rest_route=%2Fwp%2Fv2%2Fcomments&post=1364"}],"version-history":[{"count":0,"href":"https:\/\/www.plurinominal.com.mx\/index.php?rest_route=\/wp\/v2\/posts\/1364\/revisions"}],"wp:attachment":[{"href":"https:\/\/www.plurinominal.com.mx\/index.php?rest_route=%2Fwp%2Fv2%2Fmedia&parent=1364"}],"wp:term":[{"taxonomy":"category","embeddable":true,"href":"https:\/\/www.plurinominal.com.mx\/index.php?rest_route=%2Fwp%2Fv2%2Fcategories&post=1364"},{"taxonomy":"post_tag","embeddable":true,"href":"https:\/\/www.plurinominal.com.mx\/index.php?rest_route=%2Fwp%2Fv2%2Ftags&post=1364"}],"curies":[{"name":"wp","href":"https:\/\/api.w.org\/{rel}","templated":true}]}}