{"id":137,"date":"2011-10-23T01:40:44","date_gmt":"2011-10-23T01:40:44","guid":{"rendered":"http:\/\/www.plurinominal.com.mx\/?p=137"},"modified":"2011-11-05T01:41:07","modified_gmt":"2011-11-05T01:41:07","slug":"miembros-del-pt-jamas-recibieron-apoyos-economicos-enviados-por-la-dirigencia-estatal","status":"publish","type":"post","link":"https:\/\/www.plurinominal.com.mx\/?p=137","title":{"rendered":"Miembros del PT jam\u00e1s recibieron apoyos econ\u00f3micos enviados por la dirigencia estatal"},"content":{"rendered":"<p>Ma. del Carmen V. y equipo de redacci\u00f3n<br \/>\nEn una reuni\u00f3n a la que convoc\u00f3 al dirigencia municipal del PT, se revel\u00f3 que durante el liderazgo de Juan Carlos Rodr\u00edguez Carbajal los miembros de ese instituto no recibieron apoyos econ\u00f3micos enviados por la dirigencia estatal.<br \/>\nA nivel municipal, el Partido del Trabajo convoc\u00f3 a algunos de sus militantes con el objetivo de invitarlos a fungir como encargados de la casilla durante la consulta para elegir de forma interna, al candidato a la Presidencia de la Rep\u00fablica.<br \/>\n\u201cPor lo anterior recibir\u00e1n apoyos econ\u00f3micos, tal como se les ha enviado en anteriores ocasiones\u201d, se les dijo.<br \/>\nEn el instante en que se les explic\u00f3 lo anterior, algunos revelaron que durante el liderazgo del familiar de la segunda regidora, quienes desempe\u00f1aron esa misma funci\u00f3n nunca recibieron el apoyo.<br \/>\nEn esta ocasi\u00f3n se mostraron sorprendidos de que se les fuera a otorgar un recurso econ\u00f3mico para gastos personales.<br \/>\nHasta ese momento desconoc\u00edan que as\u00ed se les hubiera enviado en el pasado, \u201cporque nunca recibimos nada\u201d.<br \/>\nLa jornada donde los miembros del Partido del Trabajo fungir\u00e1n como representantes de casilla se llevar\u00e1 a cabo un domingo no muy lejano.<br \/>\nEl objetivo ser\u00e1 conocer las preferencias de que goza Andr\u00e9s Manuel L\u00f3pez Obrador y Marcelo Ebrard para fungir como candidatos a la Presidencia de la Rep\u00fablica por parte de la izquierda mexicana.<\/p>\n","protected":false},"excerpt":{"rendered":"<p>Ma. del Carmen V. y equipo de redacci\u00f3n En una reuni\u00f3n a la que convoc\u00f3 al dirigencia municipal del PT, se revel\u00f3 que durante el liderazgo de Juan Carlos Rodr\u00edguez&#8230;<\/p>\n","protected":false},"author":1,"featured_media":0,"comment_status":"closed","ping_status":"open","sticky":false,"template":"","format":"standard","meta":{"footnotes":""},"categories":[3],"tags":[85,86,37],"class_list":["post-137","post","type-post","status-publish","format-standard","hentry","category-cerritos","tag-apoyos","tag-carlos-rodriguez","tag-pt","entry","simple"],"_links":{"self":[{"href":"https:\/\/www.plurinominal.com.mx\/index.php?rest_route=\/wp\/v2\/posts\/137","targetHints":{"allow":["GET"]}}],"collection":[{"href":"https:\/\/www.plurinominal.com.mx\/index.php?rest_route=\/wp\/v2\/posts"}],"about":[{"href":"https:\/\/www.plurinominal.com.mx\/index.php?rest_route=\/wp\/v2\/types\/post"}],"author":[{"embeddable":true,"href":"https:\/\/www.plurinominal.com.mx\/index.php?rest_route=\/wp\/v2\/users\/1"}],"replies":[{"embeddable":true,"href":"https:\/\/www.plurinominal.com.mx\/index.php?rest_route=%2Fwp%2Fv2%2Fcomments&post=137"}],"version-history":[{"count":0,"href":"https:\/\/www.plurinominal.com.mx\/index.php?rest_route=\/wp\/v2\/posts\/137\/revisions"}],"wp:attachment":[{"href":"https:\/\/www.plurinominal.com.mx\/index.php?rest_route=%2Fwp%2Fv2%2Fmedia&parent=137"}],"wp:term":[{"taxonomy":"category","embeddable":true,"href":"https:\/\/www.plurinominal.com.mx\/index.php?rest_route=%2Fwp%2Fv2%2Fcategories&post=137"},{"taxonomy":"post_tag","embeddable":true,"href":"https:\/\/www.plurinominal.com.mx\/index.php?rest_route=%2Fwp%2Fv2%2Ftags&post=137"}],"curies":[{"name":"wp","href":"https:\/\/api.w.org\/{rel}","templated":true}]}}