{"id":1370,"date":"2011-12-16T23:31:52","date_gmt":"2011-12-17T05:31:52","guid":{"rendered":"http:\/\/www.plurinominal.com.mx\/?p=1370"},"modified":"2012-01-15T23:32:15","modified_gmt":"2012-01-16T05:32:15","slug":"podria-existir-queja-contra-gruas-veca","status":"publish","type":"post","link":"https:\/\/www.plurinominal.com.mx\/?p=1370","title":{"rendered":"Podr\u00eda existir queja contra \u201cGr\u00faas Veca\u201d"},"content":{"rendered":"<p>No cuenta con unidades suficientes para remolcar veh\u00edculos de gran tama\u00f1o<\/p>\n<p>Jos\u00e9 \u00c1ngel Mtz.<br \/>\nPodr\u00edan existir quejas ante dependencias estatales en contra del servicio de \u201cGr\u00faas Veca\u201d, que por no tener los veh\u00edculos adecuados, provoc\u00f3 que en un accidente el involucrado tuviera que esperar varias horas en el lugar. Finalmente el propio due\u00f1o opt\u00f3 por remolcar el cami\u00f3n con otro.<br \/>\nLas quejas podr\u00edan darse contra Roberto Vega,  porque hubo un accidente en el que se comprometi\u00f3 a llevar una gr\u00faa para remolcar un cami\u00f3n de volteo, pero primero no llev\u00f3 la unidad adecuada y despu\u00e9s mencion\u00f3 que se regresar\u00eda hasta Cerritos por otra y nunca volvi\u00f3. As\u00ed fue como el due\u00f1o prefiri\u00f3 remolcar su cami\u00f3n con otro.<br \/>\nDentro de los reportes de los polic\u00edas, existen datos de que el jueves 15 de diciembre ocurri\u00f3 un accidente en la comunidad de Agua del Medio.<br \/>\nUn cami\u00f3n de volteo de color blanco, \u2014propiedad del due\u00f1o de una bodega de materiales de Villa Ju\u00e1rez, Sa\u00fal Izaguirre Torres\u2014, choc\u00f3 contra un poste de la CFE.<br \/>\nEste accidente ocurri\u00f3 al poco tiempo de darse las 18:00 horas, \u2014antes de oscurecer\u2014, pero en lo que llegaron los polic\u00edas se cumpli\u00f3 una hora m\u00e1s y como no hubo posibilidad de un convenio tuvieron que pedir la gr\u00faa.<br \/>\nA la espera de una hora, se le agregaron otras dos m\u00e1s, en lo que lleg\u00f3 Vega con su unidad, pero result\u00f3 que esta no fue lo suficiente para soportar el peso del cami\u00f3n.<br \/>\nRoberto mencion\u00f3 que se regresar\u00eda por otra y la espera se volvi\u00f3 m\u00e1s cansada, por eso surgi\u00f3 la necesidad de remolcar el cami\u00f3n con otro.<br \/>\nEsta situaci\u00f3n, no es la primera vez que ocurre. En otras ocasiones se ha tenido que esperar tambi\u00e9n un tiempo significativo a los responsables de las gr\u00faas, por lo que se retrasa la consignaci\u00f3n de cualquier unidad chocada y esto posiblemente podr\u00eda dar motivo a quejas o acciones m\u00e1s graves.<\/p>\n","protected":false},"excerpt":{"rendered":"<p>No cuenta con unidades suficientes para remolcar veh\u00edculos de gran tama\u00f1o Jos\u00e9 \u00c1ngel Mtz. Podr\u00edan existir quejas ante dependencias estatales en contra del servicio de \u201cGr\u00faas Veca\u201d, que por no&#8230;<\/p>\n","protected":false},"author":1,"featured_media":0,"comment_status":"closed","ping_status":"open","sticky":false,"template":"","format":"standard","meta":{"footnotes":""},"categories":[3],"tags":[],"class_list":["post-1370","post","type-post","status-publish","format-standard","hentry","category-cerritos","entry","simple"],"_links":{"self":[{"href":"https:\/\/www.plurinominal.com.mx\/index.php?rest_route=\/wp\/v2\/posts\/1370","targetHints":{"allow":["GET"]}}],"collection":[{"href":"https:\/\/www.plurinominal.com.mx\/index.php?rest_route=\/wp\/v2\/posts"}],"about":[{"href":"https:\/\/www.plurinominal.com.mx\/index.php?rest_route=\/wp\/v2\/types\/post"}],"author":[{"embeddable":true,"href":"https:\/\/www.plurinominal.com.mx\/index.php?rest_route=\/wp\/v2\/users\/1"}],"replies":[{"embeddable":true,"href":"https:\/\/www.plurinominal.com.mx\/index.php?rest_route=%2Fwp%2Fv2%2Fcomments&post=1370"}],"version-history":[{"count":0,"href":"https:\/\/www.plurinominal.com.mx\/index.php?rest_route=\/wp\/v2\/posts\/1370\/revisions"}],"wp:attachment":[{"href":"https:\/\/www.plurinominal.com.mx\/index.php?rest_route=%2Fwp%2Fv2%2Fmedia&parent=1370"}],"wp:term":[{"taxonomy":"category","embeddable":true,"href":"https:\/\/www.plurinominal.com.mx\/index.php?rest_route=%2Fwp%2Fv2%2Fcategories&post=1370"},{"taxonomy":"post_tag","embeddable":true,"href":"https:\/\/www.plurinominal.com.mx\/index.php?rest_route=%2Fwp%2Fv2%2Ftags&post=1370"}],"curies":[{"name":"wp","href":"https:\/\/api.w.org\/{rel}","templated":true}]}}