{"id":1374,"date":"2011-12-15T23:37:06","date_gmt":"2011-12-16T05:37:06","guid":{"rendered":"http:\/\/www.plurinominal.com.mx\/?p=1374"},"modified":"2012-01-15T23:37:34","modified_gmt":"2012-01-16T05:37:34","slug":"presentan-denuncia-por-asalto-ocurrido-en-agua-del-medio","status":"publish","type":"post","link":"https:\/\/www.plurinominal.com.mx\/?p=1374","title":{"rendered":"Presentan denuncia por asalto ocurrido en Agua del Medio"},"content":{"rendered":"<p>El ladr\u00f3n fue detenido hace una semana por la polic\u00eda de Villa Ju\u00e1rez, ya est\u00e1 en el CEREDI<\/p>\n<p>Del equipo de redacci\u00f3n<br \/>\nModesto B\u00e1ez Castillo, \u2014jornalero originario de Agua del Medio pero que radica en los Estados Unidos\u2014, present\u00f3 una denuncia penal en contra de \u201cEl Pela Vacas\u201d, lo que sirvi\u00f3 para que el conocido ratero, \u2014que ya se encontraba detenido por la polic\u00eda\u2014, fuera enviado al CEREDI y posteriormente a disposici\u00f3n del juzgado de nuestro municipio.<br \/>\nEn Villa Ju\u00e1rez, el lunes 12 de diciembre ocurri\u00f3 un robo del que no hubo informaci\u00f3n oportuna, pero que result\u00f3 afectada una persona de Agua del Medio, que fue seriamente golpeada por \u201cEl Pela Vacas\u201d, quien por este asalto logr\u00f3 apropiarse de 550 d\u00f3lares y 1,200 pesos.<br \/>\nJuan Chavira C\u00e1zares, es el ratero.<br \/>\nFue detenido en cuesti\u00f3n de minutos por la polic\u00eda, pero hubo un rato en que no supieron que hacer con \u00e9l, porque no lo pusieron de inmediato a disposici\u00f3n del Ministerio P\u00fablico.<br \/>\nSobre la denuncia se supo hasta el mi\u00e9rcoles que Modesto B\u00e1ez hab\u00eda solicitado acci\u00f3n penal en contra de su acusado.<br \/>\nEl afectado ha declarado en la agencia ministerial que \u201cEl Pela Vacas\u201d estuvo reunido con \u00e9l y otros amigos el d\u00eda de la fiesta de la virgen.<br \/>\nComo observ\u00f3 que tra\u00eda dinero, lo sigui\u00f3 hasta la casa y ah\u00ed comenz\u00f3 a golpearlo.<br \/>\nComo ya es reincidente \u201cEl Pela Vacas\u201d no alcanz\u00f3 fianza y se encuentra en el CEREDI a disposici\u00f3n del juzgado. Enfrenta cargos graves por haber robado con violencia.<\/p>\n","protected":false},"excerpt":{"rendered":"<p>El ladr\u00f3n fue detenido hace una semana por la polic\u00eda de Villa Ju\u00e1rez, ya est\u00e1 en el CEREDI Del equipo de redacci\u00f3n Modesto B\u00e1ez Castillo, \u2014jornalero originario de Agua del&#8230;<\/p>\n","protected":false},"author":1,"featured_media":0,"comment_status":"closed","ping_status":"open","sticky":false,"template":"","format":"standard","meta":{"footnotes":""},"categories":[4],"tags":[],"class_list":["post-1374","post","type-post","status-publish","format-standard","hentry","category-villa-juarez","entry","simple"],"_links":{"self":[{"href":"https:\/\/www.plurinominal.com.mx\/index.php?rest_route=\/wp\/v2\/posts\/1374","targetHints":{"allow":["GET"]}}],"collection":[{"href":"https:\/\/www.plurinominal.com.mx\/index.php?rest_route=\/wp\/v2\/posts"}],"about":[{"href":"https:\/\/www.plurinominal.com.mx\/index.php?rest_route=\/wp\/v2\/types\/post"}],"author":[{"embeddable":true,"href":"https:\/\/www.plurinominal.com.mx\/index.php?rest_route=\/wp\/v2\/users\/1"}],"replies":[{"embeddable":true,"href":"https:\/\/www.plurinominal.com.mx\/index.php?rest_route=%2Fwp%2Fv2%2Fcomments&post=1374"}],"version-history":[{"count":0,"href":"https:\/\/www.plurinominal.com.mx\/index.php?rest_route=\/wp\/v2\/posts\/1374\/revisions"}],"wp:attachment":[{"href":"https:\/\/www.plurinominal.com.mx\/index.php?rest_route=%2Fwp%2Fv2%2Fmedia&parent=1374"}],"wp:term":[{"taxonomy":"category","embeddable":true,"href":"https:\/\/www.plurinominal.com.mx\/index.php?rest_route=%2Fwp%2Fv2%2Fcategories&post=1374"},{"taxonomy":"post_tag","embeddable":true,"href":"https:\/\/www.plurinominal.com.mx\/index.php?rest_route=%2Fwp%2Fv2%2Ftags&post=1374"}],"curies":[{"name":"wp","href":"https:\/\/api.w.org\/{rel}","templated":true}]}}