{"id":1376,"date":"2011-12-17T23:38:00","date_gmt":"2011-12-18T05:38:00","guid":{"rendered":"http:\/\/www.plurinominal.com.mx\/?p=1376"},"modified":"2012-01-15T23:38:50","modified_gmt":"2012-01-16T05:38:50","slug":"porque-le-llamaron-la-atencion-quiere-que-corran-a-oficiales","status":"publish","type":"post","link":"https:\/\/www.plurinominal.com.mx\/?p=1376","title":{"rendered":"Porque le llamaron la atenci\u00f3n, quiere que corran a oficiales"},"content":{"rendered":"<p>Del equipo de redacci\u00f3n<br \/>\nA bordo de un veh\u00edculo, sujeto obstruy\u00f3 el tr\u00e1fico. Oficiales de tr\u00e1nsito le llamaron la atenci\u00f3n pero lejos de evitar en un futuro una conducta similar, enojado amenaz\u00f3 con quejarse ante el presidente municipal Erasmo Galv\u00e1n Nieto para que despidieran a los elementos.<br \/>\nEste jueves a las 10:00 de la ma\u00f1ana, se tom\u00f3 el reporte de los hechos, en los que \u00fanicamente a trav\u00e9s de la frecuencia de radio utilizada por la polic\u00eda municipal, se inform\u00f3 a la guardia de seguridad sobre una camioneta color blanco, cabina y media, que obstaculizaba sobre la v\u00eda p\u00fablica.<br \/>\nPor este motivo se le hizo la indicaci\u00f3n al chofer que deber\u00eda retirar el auto.<br \/>\n\u00c9ste de inmediato manifest\u00f3 su enojo y amenaz\u00f3 con presentarse ante el Presidente de Cerritos, Erasmo Galv\u00e1n Nieto para que despidieran al oficial que solamente hac\u00eda su trabajo.<br \/>\nDel influyente sujeto se sabe que tripulaba una camioneta con placas GH94924, con la leyenda en el medall\u00f3n que dice \u201cArredondo\u201d.<\/p>\n","protected":false},"excerpt":{"rendered":"<p>Del equipo de redacci\u00f3n A bordo de un veh\u00edculo, sujeto obstruy\u00f3 el tr\u00e1fico. Oficiales de tr\u00e1nsito le llamaron la atenci\u00f3n pero lejos de evitar en un futuro una conducta similar,&#8230;<\/p>\n","protected":false},"author":1,"featured_media":0,"comment_status":"closed","ping_status":"open","sticky":false,"template":"","format":"standard","meta":{"footnotes":""},"categories":[3],"tags":[],"class_list":["post-1376","post","type-post","status-publish","format-standard","hentry","category-cerritos","entry","simple"],"_links":{"self":[{"href":"https:\/\/www.plurinominal.com.mx\/index.php?rest_route=\/wp\/v2\/posts\/1376","targetHints":{"allow":["GET"]}}],"collection":[{"href":"https:\/\/www.plurinominal.com.mx\/index.php?rest_route=\/wp\/v2\/posts"}],"about":[{"href":"https:\/\/www.plurinominal.com.mx\/index.php?rest_route=\/wp\/v2\/types\/post"}],"author":[{"embeddable":true,"href":"https:\/\/www.plurinominal.com.mx\/index.php?rest_route=\/wp\/v2\/users\/1"}],"replies":[{"embeddable":true,"href":"https:\/\/www.plurinominal.com.mx\/index.php?rest_route=%2Fwp%2Fv2%2Fcomments&post=1376"}],"version-history":[{"count":0,"href":"https:\/\/www.plurinominal.com.mx\/index.php?rest_route=\/wp\/v2\/posts\/1376\/revisions"}],"wp:attachment":[{"href":"https:\/\/www.plurinominal.com.mx\/index.php?rest_route=%2Fwp%2Fv2%2Fmedia&parent=1376"}],"wp:term":[{"taxonomy":"category","embeddable":true,"href":"https:\/\/www.plurinominal.com.mx\/index.php?rest_route=%2Fwp%2Fv2%2Fcategories&post=1376"},{"taxonomy":"post_tag","embeddable":true,"href":"https:\/\/www.plurinominal.com.mx\/index.php?rest_route=%2Fwp%2Fv2%2Ftags&post=1376"}],"curies":[{"name":"wp","href":"https:\/\/api.w.org\/{rel}","templated":true}]}}