{"id":1382,"date":"2011-12-15T23:41:37","date_gmt":"2011-12-16T05:41:37","guid":{"rendered":"http:\/\/www.plurinominal.com.mx\/?p=1382"},"modified":"2012-01-15T23:42:35","modified_gmt":"2012-01-16T05:42:35","slug":"buscaban-a-joven-afectado-de-sus-facultades-mentales","status":"publish","type":"post","link":"https:\/\/www.plurinominal.com.mx\/?p=1382","title":{"rendered":"Buscaban a joven afectado de sus facultades mentales"},"content":{"rendered":"<p>Del equipo de redacci\u00f3n<br \/>\nA un joven afectado de sus facultades mentales se le busc\u00f3 en esta cabecera municipal desde la ma\u00f1ana del viernes. Al t\u00e9rmino del presente ejemplar, se desconoc\u00eda si fue encontrado.<br \/>\nOriginario de Granjenal, comunidad perteneciente a Villa Ju\u00e1rez, Pablo Collazo Castro, de 16 a\u00f1os, se perdi\u00f3 desde el 13 de diciembre, por eso su mam\u00e1 de nombre Guadalupe Monreal Rodr\u00edguez pidi\u00f3 el auxilio de las corporaciones de polic\u00eda.<br \/>\nLa se\u00f1ora que dijo vivir en la calle 5 de Mayo n\u00famero 2 de esa comunidad, explic\u00f3 que hasta el fin de semana, los esfuerzos por localizar al muchacho, no hab\u00edan rendido fruto, por eso extendieron la b\u00fasqueda hasta este lugar.<br \/>\nSe explic\u00f3 que al momento de su extrav\u00edo, el joven vest\u00eda playera color blanco, manga larga y pantal\u00f3n de mezclilla azul. Es \u201caperlado\u201d, pelo corto y s\u00ed responde a su nombre.<br \/>\nSe dej\u00f3 como n\u00famero en caso de que alguna persona lograra visualizarlo el tel\u00e9fono (486) 86 1 72 53.<\/p>\n","protected":false},"excerpt":{"rendered":"<p>Del equipo de redacci\u00f3n A un joven afectado de sus facultades mentales se le busc\u00f3 en esta cabecera municipal desde la ma\u00f1ana del viernes. Al t\u00e9rmino del presente ejemplar, se&#8230;<\/p>\n","protected":false},"author":1,"featured_media":0,"comment_status":"closed","ping_status":"open","sticky":false,"template":"","format":"standard","meta":{"footnotes":""},"categories":[3],"tags":[],"class_list":["post-1382","post","type-post","status-publish","format-standard","hentry","category-cerritos","entry","simple"],"_links":{"self":[{"href":"https:\/\/www.plurinominal.com.mx\/index.php?rest_route=\/wp\/v2\/posts\/1382","targetHints":{"allow":["GET"]}}],"collection":[{"href":"https:\/\/www.plurinominal.com.mx\/index.php?rest_route=\/wp\/v2\/posts"}],"about":[{"href":"https:\/\/www.plurinominal.com.mx\/index.php?rest_route=\/wp\/v2\/types\/post"}],"author":[{"embeddable":true,"href":"https:\/\/www.plurinominal.com.mx\/index.php?rest_route=\/wp\/v2\/users\/1"}],"replies":[{"embeddable":true,"href":"https:\/\/www.plurinominal.com.mx\/index.php?rest_route=%2Fwp%2Fv2%2Fcomments&post=1382"}],"version-history":[{"count":0,"href":"https:\/\/www.plurinominal.com.mx\/index.php?rest_route=\/wp\/v2\/posts\/1382\/revisions"}],"wp:attachment":[{"href":"https:\/\/www.plurinominal.com.mx\/index.php?rest_route=%2Fwp%2Fv2%2Fmedia&parent=1382"}],"wp:term":[{"taxonomy":"category","embeddable":true,"href":"https:\/\/www.plurinominal.com.mx\/index.php?rest_route=%2Fwp%2Fv2%2Fcategories&post=1382"},{"taxonomy":"post_tag","embeddable":true,"href":"https:\/\/www.plurinominal.com.mx\/index.php?rest_route=%2Fwp%2Fv2%2Ftags&post=1382"}],"curies":[{"name":"wp","href":"https:\/\/api.w.org\/{rel}","templated":true}]}}