{"id":139,"date":"2011-10-24T01:41:19","date_gmt":"2011-10-24T01:41:19","guid":{"rendered":"http:\/\/www.plurinominal.com.mx\/?p=139"},"modified":"2011-11-05T01:41:40","modified_gmt":"2011-11-05T01:41:40","slug":"por-el-pri-dan-como-virtual-candidato-a-pablo-sanchez","status":"publish","type":"post","link":"https:\/\/www.plurinominal.com.mx\/?p=139","title":{"rendered":"Por el PRI dan como virtual candidato a Pablo S\u00e1nchez"},"content":{"rendered":"<p>Aseguran conflicto de intereses entre el grupo de los ex presidentes municipales y la dirigencia del Partido Revolucionario <\/p>\n<p>Ma. del Carmen V.<br \/>\nDentro del PRI existe un grupo que se\u00f1ala como virtual candidato al Profesor Pablo S\u00e1nchez Turrubiartes, quien se desempe\u00f1a como gerente de la compa\u00f1\u00eda de cable local.<br \/>\nTal aseveraci\u00f3n proviene de la esposa de un ex Presidente Municipal, quien dio como un hecho la candidatura del Profesor.<br \/>\nLo  externado por la se\u00f1ora hizo suponer a quienes la escucharon que existe un posible rompimiento entre el grupo de los ex presidentes municipales y la actual dirigencia del PRI.<br \/>\nEs conocido por los simpatizantes del tricolor, que la dirigencia del partido est\u00e1 promoviendo la unidad, principalmente entre los ex precandidatos antes de unificar a todos los miembros.<br \/>\nAdem\u00e1s con esta acci\u00f3n se abre la posibilidad del surgimiento de un candidato de unidad con el fin de evitar resentimientos y posibles fracturas entre la militancia.<br \/>\nPor su parte, los ex precandidatos han manifestado a los cuatro vientos la unidad que existe entre ellos y est\u00e1n sosteniendo pl\u00e1ticas para llegar a acuerdos donde surja un candidato \u00fanico. Pero se extern\u00f3 a Plurinominal que los ex presidentes no est\u00e1n de acuerdo.<br \/>\nAfirmaron que el deseo de uno de ellos era formar una planilla que contendiera contra la integrada por Rodolfo Gallegos y Rosario Torres, pero el tiempo se les vino encima y ya ten\u00eda m\u00e1s del 80% de apoyos la f\u00f3rmula integrada.<br \/>\nPor eso el grupo de los ex presidentes municipales se vio imposibilitado para contender por el Comit\u00e9 Directivo Municipal.<br \/>\nExisten otras conjeturas.<br \/>\n\u201cEse grupo pretende dividir a los militantes del partido proponiendo un candidato que se enfrente en una contienda interna contra el candidato de unidad\u201d.<br \/>\nRevelaron que uno de los ex presidentes municipales generalmente interfiere en la pol\u00edtica interna del partido y siempre ha querido imponer su decisi\u00f3n.<\/p>\n","protected":false},"excerpt":{"rendered":"<p>Aseguran conflicto de intereses entre el grupo de los ex presidentes municipales y la dirigencia del Partido Revolucionario Ma. del Carmen V. Dentro del PRI existe un grupo que se\u00f1ala&#8230;<\/p>\n","protected":false},"author":1,"featured_media":0,"comment_status":"closed","ping_status":"open","sticky":false,"template":"","format":"standard","meta":{"footnotes":""},"categories":[3],"tags":[24,52],"class_list":["post-139","post","type-post","status-publish","format-standard","hentry","category-cerritos","tag-pablo-sanchez","tag-pri","entry","simple"],"_links":{"self":[{"href":"https:\/\/www.plurinominal.com.mx\/index.php?rest_route=\/wp\/v2\/posts\/139","targetHints":{"allow":["GET"]}}],"collection":[{"href":"https:\/\/www.plurinominal.com.mx\/index.php?rest_route=\/wp\/v2\/posts"}],"about":[{"href":"https:\/\/www.plurinominal.com.mx\/index.php?rest_route=\/wp\/v2\/types\/post"}],"author":[{"embeddable":true,"href":"https:\/\/www.plurinominal.com.mx\/index.php?rest_route=\/wp\/v2\/users\/1"}],"replies":[{"embeddable":true,"href":"https:\/\/www.plurinominal.com.mx\/index.php?rest_route=%2Fwp%2Fv2%2Fcomments&post=139"}],"version-history":[{"count":0,"href":"https:\/\/www.plurinominal.com.mx\/index.php?rest_route=\/wp\/v2\/posts\/139\/revisions"}],"wp:attachment":[{"href":"https:\/\/www.plurinominal.com.mx\/index.php?rest_route=%2Fwp%2Fv2%2Fmedia&parent=139"}],"wp:term":[{"taxonomy":"category","embeddable":true,"href":"https:\/\/www.plurinominal.com.mx\/index.php?rest_route=%2Fwp%2Fv2%2Fcategories&post=139"},{"taxonomy":"post_tag","embeddable":true,"href":"https:\/\/www.plurinominal.com.mx\/index.php?rest_route=%2Fwp%2Fv2%2Ftags&post=139"}],"curies":[{"name":"wp","href":"https:\/\/api.w.org\/{rel}","templated":true}]}}