{"id":1395,"date":"2012-01-19T16:10:01","date_gmt":"2012-01-19T22:10:01","guid":{"rendered":"http:\/\/www.plurinominal.com.mx\/?p=1395"},"modified":"2012-01-19T16:10:01","modified_gmt":"2012-01-19T22:10:01","slug":"llovieron-quejas-ante-la-cedh-contra-policia-ministerial","status":"publish","type":"post","link":"https:\/\/www.plurinominal.com.mx\/?p=1395","title":{"rendered":"Llovieron quejas ante la CEDH contra polic\u00eda ministerial"},"content":{"rendered":"<p>Decenas de afectados por el jefe de regi\u00f3n<\/p>\n<p>Del equipo de redacci\u00f3n<br \/>\nDiferentes quejas ya fueron presentadas ante la Comisi\u00f3n Estatal de Derechos Humanos, en contra de quien fuera el jefe de la Polic\u00eda Ministerial del Estado, conocido como el \u201cBartolo\u201d M\u00e9ndez.<br \/>\nSe habla de decenas de afectados que sufrieron diferentes violaciones a sus garant\u00edas individuales en diferentes lugares de Cerritos y Villa Ju\u00e1rez.<\/p>\n","protected":false},"excerpt":{"rendered":"<p>Decenas de afectados por el jefe de regi\u00f3n Del equipo de redacci\u00f3n Diferentes quejas ya fueron presentadas ante la Comisi\u00f3n Estatal de Derechos Humanos, en contra de quien fuera el&#8230;<\/p>\n","protected":false},"author":1,"featured_media":1396,"comment_status":"closed","ping_status":"open","sticky":false,"template":"","format":"standard","meta":{"footnotes":""},"categories":[3,4],"tags":[],"class_list":["post-1395","post","type-post","status-publish","format-standard","has-post-thumbnail","hentry","category-cerritos","category-villa-juarez","entry","simple"],"_links":{"self":[{"href":"https:\/\/www.plurinominal.com.mx\/index.php?rest_route=\/wp\/v2\/posts\/1395","targetHints":{"allow":["GET"]}}],"collection":[{"href":"https:\/\/www.plurinominal.com.mx\/index.php?rest_route=\/wp\/v2\/posts"}],"about":[{"href":"https:\/\/www.plurinominal.com.mx\/index.php?rest_route=\/wp\/v2\/types\/post"}],"author":[{"embeddable":true,"href":"https:\/\/www.plurinominal.com.mx\/index.php?rest_route=\/wp\/v2\/users\/1"}],"replies":[{"embeddable":true,"href":"https:\/\/www.plurinominal.com.mx\/index.php?rest_route=%2Fwp%2Fv2%2Fcomments&post=1395"}],"version-history":[{"count":0,"href":"https:\/\/www.plurinominal.com.mx\/index.php?rest_route=\/wp\/v2\/posts\/1395\/revisions"}],"wp:featuredmedia":[{"embeddable":true,"href":"https:\/\/www.plurinominal.com.mx\/index.php?rest_route=\/wp\/v2\/media\/1396"}],"wp:attachment":[{"href":"https:\/\/www.plurinominal.com.mx\/index.php?rest_route=%2Fwp%2Fv2%2Fmedia&parent=1395"}],"wp:term":[{"taxonomy":"category","embeddable":true,"href":"https:\/\/www.plurinominal.com.mx\/index.php?rest_route=%2Fwp%2Fv2%2Fcategories&post=1395"},{"taxonomy":"post_tag","embeddable":true,"href":"https:\/\/www.plurinominal.com.mx\/index.php?rest_route=%2Fwp%2Fv2%2Ftags&post=1395"}],"curies":[{"name":"wp","href":"https:\/\/api.w.org\/{rel}","templated":true}]}}