{"id":14136,"date":"2021-08-17T17:52:57","date_gmt":"2021-08-17T22:52:57","guid":{"rendered":"https:\/\/www.plurinominal.com.mx\/?p=14136"},"modified":"2021-10-11T17:54:32","modified_gmt":"2021-10-11T22:54:32","slug":"camioneta-en-contra-sobre-calle-hidalgo","status":"publish","type":"post","link":"https:\/\/www.plurinominal.com.mx\/?p=14136","title":{"rendered":"Camioneta en contra sobre calle Hidalgo"},"content":{"rendered":"<ul>\n<li class=\"western\" style=\"text-align: justify;\"><span lang=\"es-MX\">U<\/span>nidad de modelo reciente <span lang=\"es-MX\">infringi\u00f3 ordenamientos de tr\u00e1nsito<\/span><\/li>\n<\/ul>\n<p class=\"western\" style=\"text-align: justify;\"><strong><span style=\"font-size: 10pt; font-family: 'trebuchet ms', geneva, sans-serif;\">Por BETO GUERRERO.-<\/span><\/strong>\u00a0<span lang=\"es-MX\">Camioneta<\/span> de modelo reciente circul\u00f3 en contra por la calle Hidalgo.<\/p>\n<p class=\"western\" style=\"text-align: justify;\">Este domingo 15 <span lang=\"es-MX\">casi a las 3:00 PM<\/span>, la gente pens\u00f3 que se trataba de un conductor desquiciado, pero nada de eso fue cierto, porque trascendi\u00f3 que al <span lang=\"es-MX\">volante<\/span> iba un turista que desconoc\u00eda el sentido de las calles.<\/p>\n<p class=\"western\" style=\"text-align: justify;\">La gente se dio cuenta del error del chofer, en el tramo de Hidalgo comprendido entre Bol\u00edvar y Arista<span lang=\"es-MX\">.<\/span><\/p>\n<p class=\"western\" style=\"text-align: justify;\">Hubo quienes le silbaron, otros le chiflaron para advertirle que iba mal. Por fortuna no sucedi\u00f3 un accidente y el hombre pudo corregir el rumbo sobre Madero.<\/p>\n<p class=\"western\" style=\"text-align: justify;\">Con este suceso surge la pregunta si son necesarios se\u00f1alamientos para indicar el sentido de las calles principales a quienes son ajenos a este lugar, pues seg\u00fan vecinos, este error es cada vez m\u00e1s frecuente.<\/p>\n","protected":false},"excerpt":{"rendered":"<p>La gente se dio cuenta del error del chofer, en el tramo de Hidalgo comprendido entre Bol\u00edvar y Arista.<\/p>\n","protected":false},"author":5,"featured_media":14137,"comment_status":"closed","ping_status":"open","sticky":false,"template":"","format":"standard","meta":{"footnotes":""},"categories":[3,483,486,492,485],"tags":[],"class_list":["post-14136","post","type-post","status-publish","format-standard","has-post-thumbnail","hentry","category-cerritos","category-cultura","category-educacion","category-paisanos","category-sociales","entry","simple"],"_links":{"self":[{"href":"https:\/\/www.plurinominal.com.mx\/index.php?rest_route=\/wp\/v2\/posts\/14136","targetHints":{"allow":["GET"]}}],"collection":[{"href":"https:\/\/www.plurinominal.com.mx\/index.php?rest_route=\/wp\/v2\/posts"}],"about":[{"href":"https:\/\/www.plurinominal.com.mx\/index.php?rest_route=\/wp\/v2\/types\/post"}],"author":[{"embeddable":true,"href":"https:\/\/www.plurinominal.com.mx\/index.php?rest_route=\/wp\/v2\/users\/5"}],"replies":[{"embeddable":true,"href":"https:\/\/www.plurinominal.com.mx\/index.php?rest_route=%2Fwp%2Fv2%2Fcomments&post=14136"}],"version-history":[{"count":1,"href":"https:\/\/www.plurinominal.com.mx\/index.php?rest_route=\/wp\/v2\/posts\/14136\/revisions"}],"predecessor-version":[{"id":14138,"href":"https:\/\/www.plurinominal.com.mx\/index.php?rest_route=\/wp\/v2\/posts\/14136\/revisions\/14138"}],"wp:featuredmedia":[{"embeddable":true,"href":"https:\/\/www.plurinominal.com.mx\/index.php?rest_route=\/wp\/v2\/media\/14137"}],"wp:attachment":[{"href":"https:\/\/www.plurinominal.com.mx\/index.php?rest_route=%2Fwp%2Fv2%2Fmedia&parent=14136"}],"wp:term":[{"taxonomy":"category","embeddable":true,"href":"https:\/\/www.plurinominal.com.mx\/index.php?rest_route=%2Fwp%2Fv2%2Fcategories&post=14136"},{"taxonomy":"post_tag","embeddable":true,"href":"https:\/\/www.plurinominal.com.mx\/index.php?rest_route=%2Fwp%2Fv2%2Ftags&post=14136"}],"curies":[{"name":"wp","href":"https:\/\/api.w.org\/{rel}","templated":true}]}}