{"id":1415,"date":"2012-01-24T10:00:55","date_gmt":"2012-01-24T16:00:55","guid":{"rendered":"http:\/\/www.plurinominal.com.mx\/?p=1415"},"modified":"2012-01-24T10:03:53","modified_gmt":"2012-01-24T16:03:53","slug":"entregaron-cobijas-en-comunidades","status":"publish","type":"post","link":"https:\/\/www.plurinominal.com.mx\/?p=1415","title":{"rendered":"Entregaron cobijas en comunidades"},"content":{"rendered":"<p>Se prev\u00e9 apoyar con 640 art\u00edculos<\/p>\n<p>Corresponsales<br \/>\nLa administraci\u00f3n municipal encabezada por el ciudadano Erasmo Galv\u00e1n Nieto, llev\u00f3 a cabo la entrega de cobijas en beneficio de sectores vulnerables que pertenecen a esta cabecera.<br \/>\nEl pasado viernes 20 de enero, Erasmo Galv\u00e1n se acompa\u00f1\u00f3 de sus m\u00e1s cercanos colaboradores y acudieron a las comunidades de Manzanillas, San Pedro de los Hern\u00e1ndez, Ejido San Pedro y Cerrito Blanco.<br \/>\nEsto para dar cumplimiento al Programa Federal \u201cCalentemos M\u00e9xico\u201d, el que se enfoca en apoyar a personas de la tercera edad cuyos domicilios se ubican en las comunidades \u201cm\u00e1s fr\u00edas\u201d de cada comuna.<br \/>\nDe acuerdo a informaci\u00f3n proporcionada por el Departamento de Comunicaci\u00f3n Social que atinadamente dirige Alberto Chiquito P\u00e9rez, la primera entrega se llev\u00f3 a cabo el 17 de enero, a favor de ciudadanos de la cabecera municipal y lugares cercanos.<br \/>\nSe asegura que las acciones se extender\u00e1n los pr\u00f3ximos d\u00edas en m\u00e1s lugares y la entrega correr\u00e1 a cuenta del propio Presidente Municipal Erasmo Galv\u00e1n Nieto. En total, se prev\u00e9 otorgar 640 cobijas.<\/p>\n","protected":false},"excerpt":{"rendered":"<p>Se prev\u00e9 apoyar con 640 art\u00edculos Corresponsales La administraci\u00f3n municipal encabezada por el ciudadano Erasmo Galv\u00e1n Nieto, llev\u00f3 a cabo la entrega de cobijas en beneficio de sectores vulnerables que&#8230;<\/p>\n","protected":false},"author":1,"featured_media":1417,"comment_status":"closed","ping_status":"open","sticky":false,"template":"","format":"standard","meta":{"footnotes":""},"categories":[3],"tags":[],"class_list":["post-1415","post","type-post","status-publish","format-standard","has-post-thumbnail","hentry","category-cerritos","entry","simple"],"_links":{"self":[{"href":"https:\/\/www.plurinominal.com.mx\/index.php?rest_route=\/wp\/v2\/posts\/1415","targetHints":{"allow":["GET"]}}],"collection":[{"href":"https:\/\/www.plurinominal.com.mx\/index.php?rest_route=\/wp\/v2\/posts"}],"about":[{"href":"https:\/\/www.plurinominal.com.mx\/index.php?rest_route=\/wp\/v2\/types\/post"}],"author":[{"embeddable":true,"href":"https:\/\/www.plurinominal.com.mx\/index.php?rest_route=\/wp\/v2\/users\/1"}],"replies":[{"embeddable":true,"href":"https:\/\/www.plurinominal.com.mx\/index.php?rest_route=%2Fwp%2Fv2%2Fcomments&post=1415"}],"version-history":[{"count":0,"href":"https:\/\/www.plurinominal.com.mx\/index.php?rest_route=\/wp\/v2\/posts\/1415\/revisions"}],"wp:featuredmedia":[{"embeddable":true,"href":"https:\/\/www.plurinominal.com.mx\/index.php?rest_route=\/wp\/v2\/media\/1417"}],"wp:attachment":[{"href":"https:\/\/www.plurinominal.com.mx\/index.php?rest_route=%2Fwp%2Fv2%2Fmedia&parent=1415"}],"wp:term":[{"taxonomy":"category","embeddable":true,"href":"https:\/\/www.plurinominal.com.mx\/index.php?rest_route=%2Fwp%2Fv2%2Fcategories&post=1415"},{"taxonomy":"post_tag","embeddable":true,"href":"https:\/\/www.plurinominal.com.mx\/index.php?rest_route=%2Fwp%2Fv2%2Ftags&post=1415"}],"curies":[{"name":"wp","href":"https:\/\/api.w.org\/{rel}","templated":true}]}}