{"id":1419,"date":"2012-01-24T10:02:02","date_gmt":"2012-01-24T16:02:02","guid":{"rendered":"http:\/\/www.plurinominal.com.mx\/?p=1419"},"modified":"2012-01-24T10:02:02","modified_gmt":"2012-01-24T16:02:02","slug":"sin-coordinacion-policias-estatales-y-municipales","status":"publish","type":"post","link":"https:\/\/www.plurinominal.com.mx\/?p=1419","title":{"rendered":"Sin coordinaci\u00f3n polic\u00edas estatales y municipales"},"content":{"rendered":"<p>No hay apoyo entre las corporaciones, cada quien realiza sus operativos <\/p>\n<p>Marco Serna<br \/>\nPolic\u00edas municipales y estatales, han marcado su propio territorio al dejar de colaborar entre s\u00ed.<br \/>\nSe desconoce la ra\u00edz exacta de los distanciamientos entre mandos, porque esto no se ha reflejado en el vecino municipio de Villa Ju\u00e1rez, donde existe un poco de m\u00e1s colaboraci\u00f3n.<br \/>\nCon una patrulla y dos elementos, es como la Polic\u00eda del Estado est\u00e1 llevando a cabo los \u201cOperativos Centella\u201d, para detener veh\u00edculos sin placas, revisar autos con personas sospechosas y prevenir delitos en calles de la cabecera y comunidades, a\u00fan  cuando hubo una solicitud oficial dirigida a la comandancia de la polic\u00eda de nuestro municipio, para que desde noviembre se emprendiera el operativo en conjunto, pero el apoyo solamente se concret\u00f3 en dos ocasiones.<br \/>\nDespu\u00e9s, cada quien sigui\u00f3 en lo suyo, incluso las acciones se suspendieron por varias semanas debido a que faltaba personal estatal.<br \/>\nPara explicar la falta de coordinaci\u00f3n entre las corporaciones, hay quien ha asegurado que existe un distanciamiento entre mandos que pudo ser ocasionado debido a la falta de voluntad de apoyo de la polic\u00eda del estado, porque cuando requer\u00edan de su ayuda para apoyar a la corporaci\u00f3n de Cerritos se escudaban en que no hab\u00eda suficiente personal. Explican los municipales, que cotidianamente no atienden los reportes ciudadanos y hasta han trasferido llamadas de ayuda a la comandancia, todo porque \u201csupuestamente faltan estatales\u201d.<br \/>\nHa sido m\u00e1s remarcado el distanciamiento, luego de conocerse que la polic\u00eda del municipio ha preferido tomar conocimiento de los hechos de tr\u00e1nsito, sin tomar en cuenta a los del estado, y ya van tres accidentes que tr\u00e1nsito remite veh\u00edculos sin solicitar intervenci\u00f3n de los peritos.<br \/>\nAdem\u00e1s, como los estatales llegan generalmente al \u00faltimo, se les omiten datos porque s\u00f3lo sirven para \u201calzarse el cuello en las reuniones del Consejo de Seguridad\u201d, a raz\u00f3n de que all\u00ed presumen que \u201cs\u00ed apoyaron en tales hechos\u201d.<br \/>\n\u201cQue nos les corresponde\u201d, \u201cque no hay personal\u201d, y hasta han habido casos en que aseguran los de esa corporaci\u00f3n \u201cque la patrulla no tiene bater\u00eda\u201d, o \u201cque no se pueden desvelar porque al otro d\u00eda tienen que ir a San Luis\u201d, son \u00e9stos los principales argumentos de la falta de cooperaci\u00f3n, pero resalta otro: \u201cQue a ellos \u00fanicamente les corresponde atender lo relacionado con caminos estatales\u201d.<br \/>\nEl distanciamiento no ocurre en Villa Ju\u00e1rez, que sigue incluyendo en actividades a la corporaci\u00f3n estatal, y se habla muy bien de una relaci\u00f3n de meses que ha servido para llevar a cabo sin contratiempos diferentes operativos de seguridad y vigilancia.<\/p>\n","protected":false},"excerpt":{"rendered":"<p>No hay apoyo entre las corporaciones, cada quien realiza sus operativos Marco Serna Polic\u00edas municipales y estatales, han marcado su propio territorio al dejar de colaborar entre s\u00ed. Se desconoce&#8230;<\/p>\n","protected":false},"author":1,"featured_media":1420,"comment_status":"closed","ping_status":"open","sticky":false,"template":"","format":"standard","meta":{"footnotes":""},"categories":[3],"tags":[],"class_list":["post-1419","post","type-post","status-publish","format-standard","has-post-thumbnail","hentry","category-cerritos","entry","simple"],"_links":{"self":[{"href":"https:\/\/www.plurinominal.com.mx\/index.php?rest_route=\/wp\/v2\/posts\/1419","targetHints":{"allow":["GET"]}}],"collection":[{"href":"https:\/\/www.plurinominal.com.mx\/index.php?rest_route=\/wp\/v2\/posts"}],"about":[{"href":"https:\/\/www.plurinominal.com.mx\/index.php?rest_route=\/wp\/v2\/types\/post"}],"author":[{"embeddable":true,"href":"https:\/\/www.plurinominal.com.mx\/index.php?rest_route=\/wp\/v2\/users\/1"}],"replies":[{"embeddable":true,"href":"https:\/\/www.plurinominal.com.mx\/index.php?rest_route=%2Fwp%2Fv2%2Fcomments&post=1419"}],"version-history":[{"count":0,"href":"https:\/\/www.plurinominal.com.mx\/index.php?rest_route=\/wp\/v2\/posts\/1419\/revisions"}],"wp:featuredmedia":[{"embeddable":true,"href":"https:\/\/www.plurinominal.com.mx\/index.php?rest_route=\/wp\/v2\/media\/1420"}],"wp:attachment":[{"href":"https:\/\/www.plurinominal.com.mx\/index.php?rest_route=%2Fwp%2Fv2%2Fmedia&parent=1419"}],"wp:term":[{"taxonomy":"category","embeddable":true,"href":"https:\/\/www.plurinominal.com.mx\/index.php?rest_route=%2Fwp%2Fv2%2Fcategories&post=1419"},{"taxonomy":"post_tag","embeddable":true,"href":"https:\/\/www.plurinominal.com.mx\/index.php?rest_route=%2Fwp%2Fv2%2Ftags&post=1419"}],"curies":[{"name":"wp","href":"https:\/\/api.w.org\/{rel}","templated":true}]}}