{"id":14190,"date":"2021-08-24T19:44:22","date_gmt":"2021-08-25T00:44:22","guid":{"rendered":"https:\/\/www.plurinominal.com.mx\/?p=14190"},"modified":"2021-10-19T19:46:13","modified_gmt":"2021-10-20T00:46:13","slug":"talan-arbol-en-primaria-marcos-vives","status":"publish","type":"post","link":"https:\/\/www.plurinominal.com.mx\/?p=14190","title":{"rendered":"Talan \u00e1rbol en primaria Marcos Vives"},"content":{"rendered":"<ul>\n<li class=\"western\" style=\"text-align: justify;\">Acusan a personal de no regarlo durante pandemia<\/li>\n<\/ul>\n<p class=\"western\" style=\"text-align: justify;\"><strong><span style=\"font-size: 10pt; font-family: 'trebuchet ms', geneva, sans-serif;\">Por BETO GUERRERO.-\u00a0<\/span><\/strong>La tala de un \u00e1rbol en el interior de la <span lang=\"es-MX\">primaria<\/span> Marcos Vives, orill\u00f3 a personal a recurrir a la prensa, para denunciar la supuesta irresponsabilidad de quienes ten\u00edan por obligaci\u00f3n regarlo.<\/p>\n<p class=\"western\" style=\"text-align: justify;\">Seg\u00fan se explic\u00f3 por una fuente que pidi\u00f3 mantener el anonimato, el \u00e1rbol que se plant\u00f3 antes de que muchos alumnos nacieran, <span lang=\"es-MX\">sufri\u00f3 descuido durante pandemia, entonces termin\u00f3 por secarse, generando basura dentro y fuera de la escuela.<\/span><\/p>\n<p class=\"western\" style=\"text-align: justify;\">Se explic\u00f3 que en la mayor\u00eda de instituciones educativas p\u00fablicas, <span lang=\"es-MX\">personal descuid\u00f3 los espacios, dado que acud\u00edan solo de forma peri\u00f3dica a barrer o regar plantas. Ahora la primaria Marcos Vives pierde una especie que adem\u00e1s de vista, daba sombra y contribu\u00eda a la preservaci\u00f3n del medio ambiente municipal.<\/span><\/p>\n<p class=\"western\" style=\"text-align: justify;\">Se desconoce si instituciones de Ecolog\u00eda y Gesti\u00f3n ambiental vayan a abrir una investigaci\u00f3n al respecto, pero la pol\u00e9mica por la tala ya comenz\u00f3 entre ciudadanos, padres de familia y personal docente.<\/p>\n","protected":false},"excerpt":{"rendered":"<p>La tala de un \u00e1rbol en el interior de la primaria Marcos Vives, orill\u00f3 a personal a recurrir a la prensa, para denunciar la supuesta irresponsabilidad de quienes ten\u00edan por obligaci\u00f3n regarlo.<\/p>\n","protected":false},"author":5,"featured_media":14191,"comment_status":"closed","ping_status":"open","sticky":false,"template":"","format":"standard","meta":{"footnotes":""},"categories":[3,483,486,485],"tags":[],"class_list":["post-14190","post","type-post","status-publish","format-standard","has-post-thumbnail","hentry","category-cerritos","category-cultura","category-educacion","category-sociales","entry","simple"],"_links":{"self":[{"href":"https:\/\/www.plurinominal.com.mx\/index.php?rest_route=\/wp\/v2\/posts\/14190","targetHints":{"allow":["GET"]}}],"collection":[{"href":"https:\/\/www.plurinominal.com.mx\/index.php?rest_route=\/wp\/v2\/posts"}],"about":[{"href":"https:\/\/www.plurinominal.com.mx\/index.php?rest_route=\/wp\/v2\/types\/post"}],"author":[{"embeddable":true,"href":"https:\/\/www.plurinominal.com.mx\/index.php?rest_route=\/wp\/v2\/users\/5"}],"replies":[{"embeddable":true,"href":"https:\/\/www.plurinominal.com.mx\/index.php?rest_route=%2Fwp%2Fv2%2Fcomments&post=14190"}],"version-history":[{"count":1,"href":"https:\/\/www.plurinominal.com.mx\/index.php?rest_route=\/wp\/v2\/posts\/14190\/revisions"}],"predecessor-version":[{"id":14192,"href":"https:\/\/www.plurinominal.com.mx\/index.php?rest_route=\/wp\/v2\/posts\/14190\/revisions\/14192"}],"wp:featuredmedia":[{"embeddable":true,"href":"https:\/\/www.plurinominal.com.mx\/index.php?rest_route=\/wp\/v2\/media\/14191"}],"wp:attachment":[{"href":"https:\/\/www.plurinominal.com.mx\/index.php?rest_route=%2Fwp%2Fv2%2Fmedia&parent=14190"}],"wp:term":[{"taxonomy":"category","embeddable":true,"href":"https:\/\/www.plurinominal.com.mx\/index.php?rest_route=%2Fwp%2Fv2%2Fcategories&post=14190"},{"taxonomy":"post_tag","embeddable":true,"href":"https:\/\/www.plurinominal.com.mx\/index.php?rest_route=%2Fwp%2Fv2%2Ftags&post=14190"}],"curies":[{"name":"wp","href":"https:\/\/api.w.org\/{rel}","templated":true}]}}