{"id":14213,"date":"2021-08-26T20:31:46","date_gmt":"2021-08-27T01:31:46","guid":{"rendered":"https:\/\/www.plurinominal.com.mx\/?p=14213"},"modified":"2021-10-19T20:34:05","modified_gmt":"2021-10-20T01:34:05","slug":"profesores-desatendieron-disposicion-de-gobierno-federal","status":"publish","type":"post","link":"https:\/\/www.plurinominal.com.mx\/?p=14213","title":{"rendered":"Profesores desatendieron disposici\u00f3n de gobierno federal"},"content":{"rendered":"<ul>\n<li class=\"western\" style=\"text-align: justify;\"><span lang=\"es-MX\">Debieron trabajar <\/span>fase intensiva de Consejo T\u00e9cnico desde sus escuelas<\/li>\n<\/ul>\n<p class=\"western\" style=\"text-align: justify;\"><strong><span style=\"font-size: 10pt; font-family: 'trebuchet ms', geneva, sans-serif;\">POR FRANCISCO VALERO.-\u00a0<\/span><\/strong>La Secretar\u00eda de Educaci\u00f3n P\u00fablica emiti\u00f3 el acuerdo 23-08-21, mediante el cual dio la indicaci\u00f3n a todos los profesores del pa\u00eds para que la fase intensiva del Consejo T\u00e9cnico se llevara a cabo desde las escuelas y no a distancia, como la mayor parte de zonas escolares estuvieron llevando a cabo el taller de capacitaci\u00f3n.<\/p>\n<p class=\"western\" style=\"text-align: justify;\">El acuerdo establec\u00eda que en la fase intensiva de los Consejos T\u00e9cnicos, que dar\u00eda inicio el lunes 23 y concluir\u00eda el viernes 27 de agosto, se trabajar\u00eda en la escuela sede de cada Consejo Escolar.<\/p>\n<p class=\"western\" style=\"text-align: justify;\"><span lang=\"es-MX\">P<\/span>ara evitar aglomeraciones las <span lang=\"es-MX\">instituciones educativas<\/span> que contaran con cuatro maestros podr\u00edan constituir su propio Consejo T\u00e9cnico, pero la mayor\u00eda de docentes desacataron la disposici\u00f3n emitida por la autoridad federal.<\/p>\n<p class=\"western\" style=\"text-align: justify;\">Fueron muy pocos los que acudieron a sus escuelas a llevar a cabo los trabajos de Consejo T\u00e9cnico. Abordar\u00edan la tem\u00e1tica del regreso seguro a clases presenciales, donde habr\u00e1n de tomar en cuenta nueve medidas para evitar contagios por coronavirus.<\/p>\n<p class=\"western\" style=\"text-align: justify;\">Los <span lang=\"es-MX\">profesores<\/span> retomaron sus labores el pasado martes 10 de agosto. Desde entonces <span lang=\"es-MX\">llevaron a cabo<\/span> acuerdos para realizar los trabajos del taller de capacitaci\u00f3n y la fase intensiva de los consejos t\u00e9cnicos escolares. All\u00ed decidieron la ruta para cumplir con los <span lang=\"es-MX\">protocolos<\/span> que marcaba la gu\u00eda de trabajo. Algunos escogieron trabajar de forma h\u00edbrida, es decir, unos d\u00edas de forma presencial y otros a distancia utilizando las herramientas tecnol\u00f3gicas.<\/p>\n<p class=\"western\" style=\"text-align: justify;\">Por lo anterior, la mayor parte de profesores decidieron seguir con la programaci\u00f3n de sus actividades como lo acordaron desde un principio. Fueron pocos los que trabajaron desde sus escuelas. En esta localidad fue notoria la presencia de <span lang=\"es-MX\">maestros<\/span> <span lang=\"es-MX\">en la<\/span>telesecundaria \u00abH\u00e9roes Potosinos\u00bb.<\/p>\n<p class=\"western\" style=\"text-align: justify;\">Los pertenecientes a la zona 038, a cargo del Maestro Israel M\u00e9ndez Vargas trabajaron de forma presencial.<\/p>\n<p class=\"western\" style=\"text-align: justify;\">En algunos Consejos T\u00e9cnicos se hizo necesario trabajar a distancia debido a que en los primeros d\u00edas de labores algunos docentes y auxiliares presentaron s\u00edntomas parecidos al coronavirus. Al hacerse el examen resultaron positivos.<\/p>\n<p class=\"western\" style=\"text-align: justify;\"><span lang=\"es-MX\">De este modo t<\/span>odo est\u00e1 dispuesto para que el pr\u00f3ximo lunes 30 de agosto el ciclo escolar inicie de forma presencial, aunque los padres de familia podr\u00e1n decidir si env\u00edan o no a sus hijos.<\/p>\n","protected":false},"excerpt":{"rendered":"<p>La Secretar\u00eda de Educaci\u00f3n P\u00fablica emiti\u00f3 el acuerdo 23-08-21, mediante el cual dio la indicaci\u00f3n a todos los profesores del pa\u00eds para que la fase intensiva del Consejo T\u00e9cnico se llevara a cabo desde las escuelas y no a distancia, como la mayor parte de zonas escolares estuvieron llevando a cabo el taller de capacitaci\u00f3n.<\/p>\n","protected":false},"author":5,"featured_media":14214,"comment_status":"closed","ping_status":"open","sticky":false,"template":"","format":"standard","meta":{"footnotes":""},"categories":[3,486,485],"tags":[],"class_list":["post-14213","post","type-post","status-publish","format-standard","has-post-thumbnail","hentry","category-cerritos","category-educacion","category-sociales","entry","simple"],"_links":{"self":[{"href":"https:\/\/www.plurinominal.com.mx\/index.php?rest_route=\/wp\/v2\/posts\/14213","targetHints":{"allow":["GET"]}}],"collection":[{"href":"https:\/\/www.plurinominal.com.mx\/index.php?rest_route=\/wp\/v2\/posts"}],"about":[{"href":"https:\/\/www.plurinominal.com.mx\/index.php?rest_route=\/wp\/v2\/types\/post"}],"author":[{"embeddable":true,"href":"https:\/\/www.plurinominal.com.mx\/index.php?rest_route=\/wp\/v2\/users\/5"}],"replies":[{"embeddable":true,"href":"https:\/\/www.plurinominal.com.mx\/index.php?rest_route=%2Fwp%2Fv2%2Fcomments&post=14213"}],"version-history":[{"count":1,"href":"https:\/\/www.plurinominal.com.mx\/index.php?rest_route=\/wp\/v2\/posts\/14213\/revisions"}],"predecessor-version":[{"id":14215,"href":"https:\/\/www.plurinominal.com.mx\/index.php?rest_route=\/wp\/v2\/posts\/14213\/revisions\/14215"}],"wp:featuredmedia":[{"embeddable":true,"href":"https:\/\/www.plurinominal.com.mx\/index.php?rest_route=\/wp\/v2\/media\/14214"}],"wp:attachment":[{"href":"https:\/\/www.plurinominal.com.mx\/index.php?rest_route=%2Fwp%2Fv2%2Fmedia&parent=14213"}],"wp:term":[{"taxonomy":"category","embeddable":true,"href":"https:\/\/www.plurinominal.com.mx\/index.php?rest_route=%2Fwp%2Fv2%2Fcategories&post=14213"},{"taxonomy":"post_tag","embeddable":true,"href":"https:\/\/www.plurinominal.com.mx\/index.php?rest_route=%2Fwp%2Fv2%2Ftags&post=14213"}],"curies":[{"name":"wp","href":"https:\/\/api.w.org\/{rel}","templated":true}]}}