{"id":14262,"date":"2021-09-03T11:57:22","date_gmt":"2021-09-03T16:57:22","guid":{"rendered":"https:\/\/www.plurinominal.com.mx\/?p=14262"},"modified":"2021-11-01T11:59:45","modified_gmt":"2021-11-01T17:59:45","slug":"falta-informacion-sobre-pandemia-en-comunidades","status":"publish","type":"post","link":"https:\/\/www.plurinominal.com.mx\/?p=14262","title":{"rendered":"Falta informaci\u00f3n sobre pandemia en comunidades"},"content":{"rendered":"<ul>\n<li class=\"western\" style=\"text-align: justify;\">Madres de familia desconocen a fondo sobre el tema<\/li>\n<\/ul>\n<p class=\"western\" style=\"text-align: justify;\"><strong><span style=\"font-size: 10pt; font-family: 'trebuchet ms', geneva, sans-serif;\">Por FRANCISCO VALERO.-<\/span><\/strong>\u00a0Han sido muchos los docentes, que despu\u00e9s de sostener reuniones con padres de familia para informarlos sobre el regreso a clases presenciales, <span lang=\"es-MX\">han sabido que las instituciones de salud hasta ahora no han realizado talleres o pl\u00e1ticas para informar sobre el Covid-19.<\/span><\/p>\n<p class=\"western\" style=\"text-align: justify;\"><span lang=\"es-MX\">Mam\u00e1s <\/span>de diferentes comunidades han asegurado que lo que saben sobre el virus lo han escuchado a trav\u00e9s de los noticieros y en pl\u00e1ticas de familia y con amigos, pero no han recibido una capacitaci\u00f3n. Ese es el motivo por el que muchos padres de familia siguen sin tomar precauciones con su familia, dejan que sus hijos asistan a fiestas particulares o eventos p\u00fablicos, sin tomar en cuenta las medidas sanitarias.<\/p>\n<p class=\"western\" style=\"text-align: justify;\">Muchas personas siguen creyendo que la pandemia s\u00f3lo es mortal para la gente adulta o para quienes cuentan con alguna condici\u00f3n de salud, \u201chemos escuchado que la pandemia ahora tambi\u00e9n est\u00e1 afectando a la gente joven\u201d, dijo una persona.<\/p>\n<p class=\"western\" style=\"text-align: justify;\"><span lang=\"es-MX\">L<\/span>os padres de familia <span lang=\"es-MX\">ignoran <\/span>que la enfermedad inflama los pulmones, causa da\u00f1os en \u00f3rganos internos y <span lang=\"es-MX\">produce<\/span>la muerte o genera secuelas que pueden ser de por vida.<\/p>\n<p class=\"western\" style=\"text-align: justify;\"><span lang=\"es-MX\">Por ello <\/span>se hace necesario que las instituciones de salud emprendan una amplia campa\u00f1a de informaci\u00f3n para que la poblaci\u00f3n est\u00e9 consciente del riesgo que representan los contagios por coronavirus.<\/p>\n<p class=\"western\" style=\"text-align: justify;\">Anteriormente las enfermeras del Hospital Rural llevaban a cabo campa\u00f1as <span lang=\"es-MX\">informativas<\/span> sobre enfermedades ven\u00e9reas, embarazos no deseados, prevenci\u00f3n de c\u00e1ncer, sin embargo parece que para evitar contagios no han hecho lo mismo con relaci\u00f3n al Covid-19.<\/p>\n<p class=\"western\" style=\"text-align: justify;\">Habitantes comentaron que el cubrebocas s\u00f3lo lo usan cuando vienen a la cabecera municipal, \u00abporque sin \u00e9l no nos dejan entrar en algunos negocios\u00bb.<\/p>\n<p class=\"western\" style=\"text-align: justify;\">La venta de cubrebocas <span lang=\"es-MX\">ha dado ganancias a comerciantes<\/span>, quienes los ofrecen <span lang=\"es-MX\">a precios que van desde los 10 pesos, pero en las comunidades es dif\u00edcil conseguir la prenda. A<\/span>s\u00ed lo pudo constatar Plurinominal en un recorrido.<\/p>\n","protected":false},"excerpt":{"rendered":"<p>Han sido muchos los docentes, que despu\u00e9s de sostener reuniones con padres de familia para informarlos sobre el regreso a clases presenciales, han sabido que las instituciones de salud hasta ahora no han realizado talleres o pl\u00e1ticas para informar sobre el Covid-19.<\/p>\n","protected":false},"author":5,"featured_media":14263,"comment_status":"closed","ping_status":"open","sticky":false,"template":"","format":"standard","meta":{"footnotes":""},"categories":[3,483,486,485],"tags":[],"class_list":["post-14262","post","type-post","status-publish","format-standard","has-post-thumbnail","hentry","category-cerritos","category-cultura","category-educacion","category-sociales","entry","simple"],"_links":{"self":[{"href":"https:\/\/www.plurinominal.com.mx\/index.php?rest_route=\/wp\/v2\/posts\/14262","targetHints":{"allow":["GET"]}}],"collection":[{"href":"https:\/\/www.plurinominal.com.mx\/index.php?rest_route=\/wp\/v2\/posts"}],"about":[{"href":"https:\/\/www.plurinominal.com.mx\/index.php?rest_route=\/wp\/v2\/types\/post"}],"author":[{"embeddable":true,"href":"https:\/\/www.plurinominal.com.mx\/index.php?rest_route=\/wp\/v2\/users\/5"}],"replies":[{"embeddable":true,"href":"https:\/\/www.plurinominal.com.mx\/index.php?rest_route=%2Fwp%2Fv2%2Fcomments&post=14262"}],"version-history":[{"count":1,"href":"https:\/\/www.plurinominal.com.mx\/index.php?rest_route=\/wp\/v2\/posts\/14262\/revisions"}],"predecessor-version":[{"id":14264,"href":"https:\/\/www.plurinominal.com.mx\/index.php?rest_route=\/wp\/v2\/posts\/14262\/revisions\/14264"}],"wp:featuredmedia":[{"embeddable":true,"href":"https:\/\/www.plurinominal.com.mx\/index.php?rest_route=\/wp\/v2\/media\/14263"}],"wp:attachment":[{"href":"https:\/\/www.plurinominal.com.mx\/index.php?rest_route=%2Fwp%2Fv2%2Fmedia&parent=14262"}],"wp:term":[{"taxonomy":"category","embeddable":true,"href":"https:\/\/www.plurinominal.com.mx\/index.php?rest_route=%2Fwp%2Fv2%2Fcategories&post=14262"},{"taxonomy":"post_tag","embeddable":true,"href":"https:\/\/www.plurinominal.com.mx\/index.php?rest_route=%2Fwp%2Fv2%2Ftags&post=14262"}],"curies":[{"name":"wp","href":"https:\/\/api.w.org\/{rel}","templated":true}]}}