{"id":1429,"date":"2011-12-20T10:15:56","date_gmt":"2011-12-20T16:15:56","guid":{"rendered":"http:\/\/www.plurinominal.com.mx\/?p=1429"},"modified":"2012-01-24T10:17:34","modified_gmt":"2012-01-24T16:17:34","slug":"ocurrio-accidente-sobre-la-calle-independencia-de-villa-juarez","status":"publish","type":"post","link":"https:\/\/www.plurinominal.com.mx\/?p=1429","title":{"rendered":"Ocurri\u00f3 accidente sobre la calle Independencia de Villa Ju\u00e1rez"},"content":{"rendered":"<p>Un ni\u00f1o lesionado, pocos detalles brindados por la polic\u00eda<\/p>\n<p>Del equipo de redacci\u00f3n<br \/>\nEste domingo por la tarde, ocurri\u00f3 un accidente en el que result\u00f3 lesionado un ni\u00f1o.<br \/>\nSobre este percance no existi\u00f3 informaci\u00f3n proporcionada por parte de ninguna corporaci\u00f3n policiaca, ni siquiera el IMSS comunic\u00f3 a la polic\u00eda ministerial sobre el ingreso del peque\u00f1o.<br \/>\nTrascendi\u00f3 que el incidente sucedi\u00f3 al medio d\u00eda del 18 de diciembre, en la calle Independencia, en donde una camioneta choc\u00f3 a otra de costado.<br \/>\nPlurinominal tuvo conocimiento por parte de testigos que una de las unidades era manejada por Miguel Hern\u00e1ndez Tapia, \u2014esta persona es conocida de San Pedro de los Hern\u00e1ndez\u2014, y la otra la tra\u00eda Javier Torres Turrubiartes, originario de Palo Seco.<br \/>\nMiguel Hern\u00e1ndez manten\u00eda su direcci\u00f3n con rumbo a Cerritos, iba por la calle Independencia de Villa Ju\u00e1rez, en una camioneta S-10 de color verde, cabina y media, que fue chocada en la puerta del copiloto por una de color gris, marca Ford, en la que iba un ni\u00f1o que sufri\u00f3 por un golpe en la boca.<br \/>\nEl infante fue trasladado de urgencia en una ambulancia de Villa Ju\u00e1rez, pero sobre su ingreso no se dijo nada de forma oficial, es m\u00e1s, ni los ministeriales conocieron sobre el lesionado, lo que podr\u00eda ser una clara omisi\u00f3n por el departamento de urgencias.<br \/>\nPor este choque no hubo detenidos, la polic\u00eda del estado tampoco estuvo en el lugar y al parecer ambos conductores llegaron a un arreglo.<\/p>\n","protected":false},"excerpt":{"rendered":"<p>Un ni\u00f1o lesionado, pocos detalles brindados por la polic\u00eda Del equipo de redacci\u00f3n Este domingo por la tarde, ocurri\u00f3 un accidente en el que result\u00f3 lesionado un ni\u00f1o. Sobre este&#8230;<\/p>\n","protected":false},"author":1,"featured_media":0,"comment_status":"closed","ping_status":"open","sticky":false,"template":"","format":"standard","meta":{"footnotes":""},"categories":[4],"tags":[],"class_list":["post-1429","post","type-post","status-publish","format-standard","hentry","category-villa-juarez","entry","simple"],"_links":{"self":[{"href":"https:\/\/www.plurinominal.com.mx\/index.php?rest_route=\/wp\/v2\/posts\/1429","targetHints":{"allow":["GET"]}}],"collection":[{"href":"https:\/\/www.plurinominal.com.mx\/index.php?rest_route=\/wp\/v2\/posts"}],"about":[{"href":"https:\/\/www.plurinominal.com.mx\/index.php?rest_route=\/wp\/v2\/types\/post"}],"author":[{"embeddable":true,"href":"https:\/\/www.plurinominal.com.mx\/index.php?rest_route=\/wp\/v2\/users\/1"}],"replies":[{"embeddable":true,"href":"https:\/\/www.plurinominal.com.mx\/index.php?rest_route=%2Fwp%2Fv2%2Fcomments&post=1429"}],"version-history":[{"count":0,"href":"https:\/\/www.plurinominal.com.mx\/index.php?rest_route=\/wp\/v2\/posts\/1429\/revisions"}],"wp:attachment":[{"href":"https:\/\/www.plurinominal.com.mx\/index.php?rest_route=%2Fwp%2Fv2%2Fmedia&parent=1429"}],"wp:term":[{"taxonomy":"category","embeddable":true,"href":"https:\/\/www.plurinominal.com.mx\/index.php?rest_route=%2Fwp%2Fv2%2Fcategories&post=1429"},{"taxonomy":"post_tag","embeddable":true,"href":"https:\/\/www.plurinominal.com.mx\/index.php?rest_route=%2Fwp%2Fv2%2Ftags&post=1429"}],"curies":[{"name":"wp","href":"https:\/\/api.w.org\/{rel}","templated":true}]}}