{"id":143,"date":"2011-10-24T01:42:31","date_gmt":"2011-10-24T01:42:31","guid":{"rendered":"http:\/\/www.plurinominal.com.mx\/?p=143"},"modified":"2011-11-05T01:43:19","modified_gmt":"2011-11-05T01:43:19","slug":"profesor-niega-acusaciones-de-adolescentes","status":"publish","type":"post","link":"https:\/\/www.plurinominal.com.mx\/?p=143","title":{"rendered":"Profesor niega acusaciones de adolescentes"},"content":{"rendered":"<p>Marco Serna<br \/>\nAnte las acusaciones hechas en su contra por alumnos de la escuela Guadalupe Victoria que se ubica en La Gavia perteneciente a Villa Ju\u00e1rez, el profesor V\u00edctor Jim\u00e9nez Ortega solicit\u00f3 a Plurinominal se hiciera p\u00fablica una aclaraci\u00f3n.<br \/>\nEste jueves a las 2:01 de la tarde, el maestro asegur\u00f3 que \u201cno existen fundamentos para tomar en cuenta el reporte\u201d hecho por el adolescente Jos\u00e9 Francisco Garc\u00eda, as\u00ed como por los familiares de Mireya Pineda Ba\u00f1uelos.<br \/>\n\u201cDe decir a decir se puede decir, t\u00fa eres esto y esto otro\u201d (sic), dijo el maestro, \u201cy se quema a la gente sin tener fundamentos\u201d.<br \/>\nComo se recordar\u00e1, Jim\u00e9nez Ortega fue trasladado a las oficinas de seguridad del municipio de Villa Ju\u00e1rez, debido a la llamada recibida la ma\u00f1ana del martes 18 de octubre, la cual revelaba serios se\u00f1alamientos en su contra. All\u00ed permaneci\u00f3 antes de ser llevado ante el MP, \u2014es decir no estuvo en calidad de detenido\u2014.<br \/>\nPara Jim\u00e9nez Ortega, \u201cel que lo digan los pap\u00e1s o los alumnos\u201d, no significa que as\u00ed sean las cosas, \u201ceso no es v\u00e1lido, se necesitan pruebas\u201d.<br \/>\nIndic\u00f3 el tambi\u00e9n aficionado al futbol que obran constancias en la Agencia del Ministerio P\u00fablico de Villa Ju\u00e1rez, donde se pone fin al problema, las que \u2014indic\u00f3\u2014, est\u00e1n firmadas por la Presidenta de Padres de Familia de la escuela y el Ministerio P\u00fablico, porque no hay delito que perseguir.<br \/>\n\u201cA mi si me pesan la chingaderas que se dijeron sin fundamento\u201d, mencion\u00f3 el Profesor; pero cuestion\u00f3 \u00bfA poco si hubiera hecho algo anduviera aqu\u00ed?<br \/>\nEste medio intent\u00f3 conseguir la copia del convenio signado en presencia del Representante Social, por ello citamos en nuestras oficinas al profesionista el fin de semana, sin embargo no se pudo lograr el objetivo ya que para acceder al expediente, es necesaria la presencia del maestro, quien dijo estar de acuerdo en \u201cperder una quincena\u201d, con tal de aclarar la situaci\u00f3n.<\/p>\n","protected":false},"excerpt":{"rendered":"<p>Marco Serna Ante las acusaciones hechas en su contra por alumnos de la escuela Guadalupe Victoria que se ubica en La Gavia perteneciente a Villa Ju\u00e1rez, el profesor V\u00edctor Jim\u00e9nez&#8230;<\/p>\n","protected":false},"author":1,"featured_media":0,"comment_status":"closed","ping_status":"open","sticky":false,"template":"","format":"standard","meta":{"footnotes":""},"categories":[3,4],"tags":[90,91,89],"class_list":["post-143","post","type-post","status-publish","format-standard","hentry","category-cerritos","category-villa-juarez","tag-acusaciones","tag-alumnos","tag-profesor","entry","simple"],"_links":{"self":[{"href":"https:\/\/www.plurinominal.com.mx\/index.php?rest_route=\/wp\/v2\/posts\/143","targetHints":{"allow":["GET"]}}],"collection":[{"href":"https:\/\/www.plurinominal.com.mx\/index.php?rest_route=\/wp\/v2\/posts"}],"about":[{"href":"https:\/\/www.plurinominal.com.mx\/index.php?rest_route=\/wp\/v2\/types\/post"}],"author":[{"embeddable":true,"href":"https:\/\/www.plurinominal.com.mx\/index.php?rest_route=\/wp\/v2\/users\/1"}],"replies":[{"embeddable":true,"href":"https:\/\/www.plurinominal.com.mx\/index.php?rest_route=%2Fwp%2Fv2%2Fcomments&post=143"}],"version-history":[{"count":0,"href":"https:\/\/www.plurinominal.com.mx\/index.php?rest_route=\/wp\/v2\/posts\/143\/revisions"}],"wp:attachment":[{"href":"https:\/\/www.plurinominal.com.mx\/index.php?rest_route=%2Fwp%2Fv2%2Fmedia&parent=143"}],"wp:term":[{"taxonomy":"category","embeddable":true,"href":"https:\/\/www.plurinominal.com.mx\/index.php?rest_route=%2Fwp%2Fv2%2Fcategories&post=143"},{"taxonomy":"post_tag","embeddable":true,"href":"https:\/\/www.plurinominal.com.mx\/index.php?rest_route=%2Fwp%2Fv2%2Ftags&post=143"}],"curies":[{"name":"wp","href":"https:\/\/api.w.org\/{rel}","templated":true}]}}