{"id":1445,"date":"2011-12-21T10:33:05","date_gmt":"2011-12-21T16:33:05","guid":{"rendered":"http:\/\/www.plurinominal.com.mx\/?p=1445"},"modified":"2012-01-24T10:33:34","modified_gmt":"2012-01-24T16:33:34","slug":"proteccion-civil-brinda-albergue-a-anciana-menesterosa","status":"publish","type":"post","link":"https:\/\/www.plurinominal.com.mx\/?p=1445","title":{"rendered":"Protecci\u00f3n Civil brinda albergue a anciana menesterosa"},"content":{"rendered":"<p>Se busca un lugar adecuado a donde enviarla <\/p>\n<p>Ma. del Carmen V.<br \/>\nEl Director de Protecci\u00f3n Civil Herminio Caballero Lezama, manifest\u00f3 que en el albergue que estableci\u00f3 esa dependencia sobre la calle Zaragoza, \u2014en lo que antes era \u00abEl Hospitalito\u00bb\u2014 sigue funcionando.<br \/>\nDesde hace aproximadamente 15 d\u00edas se ha brindado albergue a una anciana menesterosa que fue reportada a esa dependencia.<br \/>\nLa mujer se encontraba sobre la calle Salvador D\u00edaz Mir\u00f3n con sus pertenencias en la banqueta.<br \/>\nEn el albergue se le brinda lo necesario para su sostenimiento como techo y comida.<br \/>\nActualmente, est\u00e1n buscando un lugar al cual puedan canalizar a la menesterosa, como un asilo en cualquier lugar del estado.<br \/>\nComent\u00f3 Herminio Caballero, que la anciana cuenta con 77 a\u00f1os de edad. Viv\u00eda con algunas personas. Al parecer tuvo problemas y decidi\u00f3 abandonar la morada.<br \/>\nAnteriormente la se\u00f1ora cont\u00f3 con una vivienda en la colonia Guadalupe.<br \/>\nEn un momento determinado la vendi\u00f3, al parecer los compradores le permit\u00edan continuar en el lugar, pero por ciertas razones ya no quiso estar en lo que antes fue de su propiedad.<br \/>\nLa Direcci\u00f3n de Protecci\u00f3n Civil, reconoci\u00f3 que la situaci\u00f3n se ha vuelto dif\u00edcil. En el asilo de esta localidad ya no se reciben hu\u00e9spedes, por ello se le tiene que buscar acomodo en otro lugar, ya sea de la ciudad de San Luis Potos\u00ed o de otro municipio.<br \/>\nLa Direcci\u00f3n de Protecci\u00f3n Civil Municipal intenta que en este municipio se abra otro asilo, ya que son muchas las personas que tienen necesidad de permanecer en uno.<br \/>\nPara el funcionamiento, hace falta desde el edificio y su equipamiento, hasta el alimento, manifest\u00f3 Herminio Caballero.<br \/>\nAgreg\u00f3 que en Cerritos, existen personas de buen coraz\u00f3n y est\u00e1n dispuestas a aportar lo necesario para el sostenimiento de los ancianos, por eso es importante que se abra una casa para atender a los ancianos. Concluy\u00f3 el funcionario. <\/p>\n","protected":false},"excerpt":{"rendered":"<p>Se busca un lugar adecuado a donde enviarla Ma. del Carmen V. El Director de Protecci\u00f3n Civil Herminio Caballero Lezama, manifest\u00f3 que en el albergue que estableci\u00f3 esa dependencia sobre&#8230;<\/p>\n","protected":false},"author":1,"featured_media":0,"comment_status":"closed","ping_status":"open","sticky":false,"template":"","format":"standard","meta":{"footnotes":""},"categories":[3],"tags":[],"class_list":["post-1445","post","type-post","status-publish","format-standard","hentry","category-cerritos","entry","simple"],"_links":{"self":[{"href":"https:\/\/www.plurinominal.com.mx\/index.php?rest_route=\/wp\/v2\/posts\/1445","targetHints":{"allow":["GET"]}}],"collection":[{"href":"https:\/\/www.plurinominal.com.mx\/index.php?rest_route=\/wp\/v2\/posts"}],"about":[{"href":"https:\/\/www.plurinominal.com.mx\/index.php?rest_route=\/wp\/v2\/types\/post"}],"author":[{"embeddable":true,"href":"https:\/\/www.plurinominal.com.mx\/index.php?rest_route=\/wp\/v2\/users\/1"}],"replies":[{"embeddable":true,"href":"https:\/\/www.plurinominal.com.mx\/index.php?rest_route=%2Fwp%2Fv2%2Fcomments&post=1445"}],"version-history":[{"count":0,"href":"https:\/\/www.plurinominal.com.mx\/index.php?rest_route=\/wp\/v2\/posts\/1445\/revisions"}],"wp:attachment":[{"href":"https:\/\/www.plurinominal.com.mx\/index.php?rest_route=%2Fwp%2Fv2%2Fmedia&parent=1445"}],"wp:term":[{"taxonomy":"category","embeddable":true,"href":"https:\/\/www.plurinominal.com.mx\/index.php?rest_route=%2Fwp%2Fv2%2Fcategories&post=1445"},{"taxonomy":"post_tag","embeddable":true,"href":"https:\/\/www.plurinominal.com.mx\/index.php?rest_route=%2Fwp%2Fv2%2Ftags&post=1445"}],"curies":[{"name":"wp","href":"https:\/\/api.w.org\/{rel}","templated":true}]}}