{"id":145,"date":"2011-10-26T01:43:30","date_gmt":"2011-10-26T01:43:30","guid":{"rendered":"http:\/\/www.plurinominal.com.mx\/?p=145"},"modified":"2011-11-05T01:44:31","modified_gmt":"2011-11-05T01:44:31","slug":"sedarh-asegura-que-en-el-municipio-%e2%80%9cno-existe-rabia-paralitica%e2%80%9d","status":"publish","type":"post","link":"https:\/\/www.plurinominal.com.mx\/?p=145","title":{"rendered":"SEDARH asegura que en el municipio \u201cno existe rabia paral\u00edtica\u201d"},"content":{"rendered":"<p>Contradicen a campesinos de la regi\u00f3n que siguen sin explicarse la muerte de ganado <\/p>\n<p>Corresponsales<br \/>\nCerritos.- Funcionarios de SEDARH que estuvieron recientemente en nuestro municipio para dar una pl\u00e1tica sobre la Tarjeta de Identificaci\u00f3n Individual para ganado, contradijeron la versi\u00f3n de ganaderos que siguen asegurando que existe rabia paral\u00edtica en la regi\u00f3n, porque contin\u00faan registr\u00e1ndose p\u00e9rdidas.<br \/>\nPor su parte, el sector salud contin\u00faa extremando precauciones para evitar brotes importantes de la enfermedad, pero su personal aun no ha mencionado que en las comunidades o en la regi\u00f3n urbana de nuestra ciudad, se haya erradicado la rabia paral\u00edtica que hasta hace algunos meses era uno de los principales problemas a abatir. Cerritos lleg\u00f3 a ser el m\u00e1s afectado a nivel estatal por los casos registrados por parte del Sector Salud y de la propia SEDARH.<br \/>\nComentaron un poco molestas varias personas que asistieron recientemente a una reuni\u00f3n con funcionarios de esa dependencia, que no estuvieron de acuerdo en que se diera a conocer que \u201cde aqu\u00ed pa\u00b4l norte no hay rabia\u201d, dando entender que todas estas zonas han sido liberadas de la rabia, cuando existen casos que no explican la muerte del ganado.<br \/>\nCerritos, Villa Ju\u00e1rez y Guadalc\u00e1zar no han estado exentos del problema desde el 2010. En revelaciones del Sistema Potosino de Vigilancia Epidemiol\u00f3gica, se menciona que en ese a\u00f1o Cerritos registr\u00f3 un caso de rabia y Villa Ju\u00e1rez 3.<br \/>\nEn este 2011 \u2014hasta mayo\u2014 se empeor\u00f3 con un registro de seis casos para Cerritos y a mediados del mismo a\u00f1o fueron cuantificados ocho.<br \/>\nPlurinominal ha mantenido un seguimiento de este problema y ha recabado informaci\u00f3n en referencia a esta situaci\u00f3n, comprobando que en muchos de los casos los ganaderos han registrado grandes p\u00e9rdidas de ganado y que incluso ocurri\u00f3 el consumo de un animal infectado en Joya de Luna apenas en meses recientes. En Guadalc\u00e1zar se reportaron m\u00e1s de 140 p\u00e9rdidas, sin explicaci\u00f3n alguna.<br \/>\nDesde que se ha tenido seguimiento del problema el Sector Salud no se ha atrevido a notificar que ha sido erradicado el problema, m\u00e1s a\u00fan con la proliferaci\u00f3n de murci\u00e9lagos que son el animal principalmente causante de las infecciones, por eso se tom\u00f3 como algo contradictorio que el funcionario de la SEDARH Jos\u00e9 Hermenegildo Mata Espinoza, dijera que \u201cde aqu\u00ed para arriba del pa\u00eds no hay rabia\u201d.<\/p>\n","protected":false},"excerpt":{"rendered":"<p>Contradicen a campesinos de la regi\u00f3n que siguen sin explicarse la muerte de ganado Corresponsales Cerritos.- Funcionarios de SEDARH que estuvieron recientemente en nuestro municipio para dar una pl\u00e1tica sobre&#8230;<\/p>\n","protected":false},"author":1,"featured_media":0,"comment_status":"closed","ping_status":"open","sticky":false,"template":"","format":"standard","meta":{"footnotes":""},"categories":[3,6,4],"tags":[94,93,92],"class_list":["post-145","post","type-post","status-publish","format-standard","hentry","category-cerritos","category-guadalcazar","category-villa-juarez","tag-jose-hermenegildo-mata-espinoza","tag-rabia-paralitica","tag-sedarh","entry","simple"],"_links":{"self":[{"href":"https:\/\/www.plurinominal.com.mx\/index.php?rest_route=\/wp\/v2\/posts\/145","targetHints":{"allow":["GET"]}}],"collection":[{"href":"https:\/\/www.plurinominal.com.mx\/index.php?rest_route=\/wp\/v2\/posts"}],"about":[{"href":"https:\/\/www.plurinominal.com.mx\/index.php?rest_route=\/wp\/v2\/types\/post"}],"author":[{"embeddable":true,"href":"https:\/\/www.plurinominal.com.mx\/index.php?rest_route=\/wp\/v2\/users\/1"}],"replies":[{"embeddable":true,"href":"https:\/\/www.plurinominal.com.mx\/index.php?rest_route=%2Fwp%2Fv2%2Fcomments&post=145"}],"version-history":[{"count":0,"href":"https:\/\/www.plurinominal.com.mx\/index.php?rest_route=\/wp\/v2\/posts\/145\/revisions"}],"wp:attachment":[{"href":"https:\/\/www.plurinominal.com.mx\/index.php?rest_route=%2Fwp%2Fv2%2Fmedia&parent=145"}],"wp:term":[{"taxonomy":"category","embeddable":true,"href":"https:\/\/www.plurinominal.com.mx\/index.php?rest_route=%2Fwp%2Fv2%2Fcategories&post=145"},{"taxonomy":"post_tag","embeddable":true,"href":"https:\/\/www.plurinominal.com.mx\/index.php?rest_route=%2Fwp%2Fv2%2Ftags&post=145"}],"curies":[{"name":"wp","href":"https:\/\/api.w.org\/{rel}","templated":true}]}}