{"id":1451,"date":"2011-12-20T10:36:51","date_gmt":"2011-12-20T16:36:51","guid":{"rendered":"http:\/\/www.plurinominal.com.mx\/?p=1451"},"modified":"2012-01-24T10:39:16","modified_gmt":"2012-01-24T16:39:16","slug":"lo-golpearon-en-boda","status":"publish","type":"post","link":"https:\/\/www.plurinominal.com.mx\/?p=1451","title":{"rendered":"Lo golpearon en boda"},"content":{"rendered":"<p>Del equipo de redacci\u00f3n<br \/>\n\u201cEl Perico\u201d, \u201cEl G\u00fcero\u201d y otros, son los datos que dio un hombre llamado Homero \u00c1lvaro V\u00e1zquez de 29 a\u00f1os, sobre el grupo de agresores que le ocasionaron lesiones en el rostro la madrugada del domingo 18 de diciembre.<br \/>\nA las 04:51 AM, se registraron los hechos porque a la Direcci\u00f3n de Seguridad acudi\u00f3 el afectado para que los municipales fueran testigos de las agresiones que se apreciaban a simple vista.<br \/>\nEl afectado, \u2014de la calle E. Zapata 58 del municipio de Cerritos\u2014, explic\u00f3 que luego de transcurrir un evento particular en el \u201cSal\u00f3n Concordia\u201d, sucedieron los hechos, mismos que har\u00eda del conocimiento del Ministerio P\u00fablico a inicios de esta semana.<\/p>\n","protected":false},"excerpt":{"rendered":"<p>Del equipo de redacci\u00f3n \u201cEl Perico\u201d, \u201cEl G\u00fcero\u201d y otros, son los datos que dio un hombre llamado Homero \u00c1lvaro V\u00e1zquez de 29 a\u00f1os, sobre el grupo de agresores que&#8230;<\/p>\n","protected":false},"author":1,"featured_media":0,"comment_status":"closed","ping_status":"open","sticky":false,"template":"","format":"standard","meta":{"footnotes":""},"categories":[3],"tags":[],"class_list":["post-1451","post","type-post","status-publish","format-standard","hentry","category-cerritos","entry","simple"],"_links":{"self":[{"href":"https:\/\/www.plurinominal.com.mx\/index.php?rest_route=\/wp\/v2\/posts\/1451","targetHints":{"allow":["GET"]}}],"collection":[{"href":"https:\/\/www.plurinominal.com.mx\/index.php?rest_route=\/wp\/v2\/posts"}],"about":[{"href":"https:\/\/www.plurinominal.com.mx\/index.php?rest_route=\/wp\/v2\/types\/post"}],"author":[{"embeddable":true,"href":"https:\/\/www.plurinominal.com.mx\/index.php?rest_route=\/wp\/v2\/users\/1"}],"replies":[{"embeddable":true,"href":"https:\/\/www.plurinominal.com.mx\/index.php?rest_route=%2Fwp%2Fv2%2Fcomments&post=1451"}],"version-history":[{"count":0,"href":"https:\/\/www.plurinominal.com.mx\/index.php?rest_route=\/wp\/v2\/posts\/1451\/revisions"}],"wp:attachment":[{"href":"https:\/\/www.plurinominal.com.mx\/index.php?rest_route=%2Fwp%2Fv2%2Fmedia&parent=1451"}],"wp:term":[{"taxonomy":"category","embeddable":true,"href":"https:\/\/www.plurinominal.com.mx\/index.php?rest_route=%2Fwp%2Fv2%2Fcategories&post=1451"},{"taxonomy":"post_tag","embeddable":true,"href":"https:\/\/www.plurinominal.com.mx\/index.php?rest_route=%2Fwp%2Fv2%2Ftags&post=1451"}],"curies":[{"name":"wp","href":"https:\/\/api.w.org\/{rel}","templated":true}]}}