{"id":1457,"date":"2011-12-22T10:41:11","date_gmt":"2011-12-22T16:41:11","guid":{"rendered":"http:\/\/www.plurinominal.com.mx\/?p=1457"},"modified":"2012-01-24T10:41:35","modified_gmt":"2012-01-24T16:41:35","slug":"se-llevo-a-cabo-la-posada-azul-2","status":"publish","type":"post","link":"https:\/\/www.plurinominal.com.mx\/?p=1457","title":{"rendered":"Se llev\u00f3 a cabo la \u201cPosada Azul\u201d"},"content":{"rendered":"<p>Marco Serna<br \/>\nLas oficinas del Partido Acci\u00f3n Nacional que se ubican sobre la calle P\u00edpila de la comuna cerritense, fueron insuficientes para el n\u00famero de familias que acudieron despu\u00e9s de las 17:00 horas de este mi\u00e9rcoles 21 de diciembre a la \u201cPosada Azul\u201d.<br \/>\nPersonas de todas las edades abarrotaron el lugar, por eso tuvieron que ser acomodadas en las afueras del plantel blanquiazul por los organizadores.<br \/>\nFueron los peque\u00f1ines, quienes disfrutaron del evento, muchos tambi\u00e9n adornaron su cara con una sonrisa al fotografiarse con Santa Claus que por cierto vest\u00eda ropa con los colores del partido.<br \/>\nEn una visita rel\u00e1mpago por motivo de la celeridad que requer\u00eda la presente edici\u00f3n, Plurinominal observ\u00f3 entre los asistentes al Lic. Arturo Narv\u00e1ez, as\u00ed como a su familia, disfrutando de la \u201cPosada Azul\u201d.<br \/>\nTrascendi\u00f3 que para el evento, los miembros aportaron art\u00edculos de acuerdo a la medida de sus posibilidades.<br \/>\nLa invitaci\u00f3n se hizo al p\u00fablico en general, principalmente a los peque\u00f1ines para que disfrutaran de este acto acorde a las festividades decembrinas.<\/p>\n","protected":false},"excerpt":{"rendered":"<p>Marco Serna Las oficinas del Partido Acci\u00f3n Nacional que se ubican sobre la calle P\u00edpila de la comuna cerritense, fueron insuficientes para el n\u00famero de familias que acudieron despu\u00e9s de&#8230;<\/p>\n","protected":false},"author":1,"featured_media":0,"comment_status":"closed","ping_status":"open","sticky":false,"template":"","format":"standard","meta":{"footnotes":""},"categories":[3],"tags":[],"class_list":["post-1457","post","type-post","status-publish","format-standard","hentry","category-cerritos","entry","simple"],"_links":{"self":[{"href":"https:\/\/www.plurinominal.com.mx\/index.php?rest_route=\/wp\/v2\/posts\/1457","targetHints":{"allow":["GET"]}}],"collection":[{"href":"https:\/\/www.plurinominal.com.mx\/index.php?rest_route=\/wp\/v2\/posts"}],"about":[{"href":"https:\/\/www.plurinominal.com.mx\/index.php?rest_route=\/wp\/v2\/types\/post"}],"author":[{"embeddable":true,"href":"https:\/\/www.plurinominal.com.mx\/index.php?rest_route=\/wp\/v2\/users\/1"}],"replies":[{"embeddable":true,"href":"https:\/\/www.plurinominal.com.mx\/index.php?rest_route=%2Fwp%2Fv2%2Fcomments&post=1457"}],"version-history":[{"count":0,"href":"https:\/\/www.plurinominal.com.mx\/index.php?rest_route=\/wp\/v2\/posts\/1457\/revisions"}],"wp:attachment":[{"href":"https:\/\/www.plurinominal.com.mx\/index.php?rest_route=%2Fwp%2Fv2%2Fmedia&parent=1457"}],"wp:term":[{"taxonomy":"category","embeddable":true,"href":"https:\/\/www.plurinominal.com.mx\/index.php?rest_route=%2Fwp%2Fv2%2Fcategories&post=1457"},{"taxonomy":"post_tag","embeddable":true,"href":"https:\/\/www.plurinominal.com.mx\/index.php?rest_route=%2Fwp%2Fv2%2Ftags&post=1457"}],"curies":[{"name":"wp","href":"https:\/\/api.w.org\/{rel}","templated":true}]}}