{"id":1461,"date":"2011-12-20T10:42:52","date_gmt":"2011-12-20T16:42:52","guid":{"rendered":"http:\/\/www.plurinominal.com.mx\/?p=1461"},"modified":"2012-01-24T10:43:15","modified_gmt":"2012-01-24T16:43:15","slug":"llevaron-a-cabo-posada-del-proyecto-os-er-2","status":"publish","type":"post","link":"https:\/\/www.plurinominal.com.mx\/?p=1461","title":{"rendered":"Llevaron a cabo posada del proyecto OS-ER"},"content":{"rendered":"<p>Se cont\u00f3 con la presencia del Coordinador de Desarrollo Social<\/p>\n<p>Corresponsales<br \/>\nUna breve posada del proyecto OS-ER se llev\u00f3 a cabo este domingo 18 de diciembre en colonias de alta marginaci\u00f3n.<br \/>\nSe inform\u00f3 a este medio que acudieron al evento aproximadamente 50 ni\u00f1os menores de cinco a\u00f1os acompa\u00f1ados de sus madres que se integraron en distintas actividades como rondas y cantos.<br \/>\nLa Coordinadora de este proyecto \u2014profesora Rosario de Le\u00f3n L\u00f3pez\u2014 quien atiende estos grupos, cont\u00f3 con la presencia del Coordinador de Desarrollo Social, Luis Javier Izaguirre y su distinguida esposa  quien felicit\u00f3 al conjunto de mam\u00e1s y ni\u00f1os de escasos recursos.<br \/>\nEn este proyecto se imparten temas que van dirigidos a las madres de familia.<br \/>\nAs\u00ed reunidos, todos rompieron pi\u00f1atas, comieron ensalada, pastel y boloches.<br \/>\nPosteriormente despidieron como se merece al Coordinador de Desarrollo Social.<br \/>\nLos ni\u00f1os, dijeron a sus mam\u00e1s que es la primera vez que lleva a cabo una actividad como esta en sus colonias, mismas que est\u00e1n catalogadas como las m\u00e1s vulnerables a nivel municipio.<br \/>\nAll\u00ed reina la desnutrici\u00f3n y violencia, factores que se deben atender por ser necesidades urgentes.<br \/>\nSe inform\u00f3 a Plurinominal que lo anterior es un proyecto piloto, a iniciativa propia del Honorable Ayuntamiento de Cerritos.<\/p>\n","protected":false},"excerpt":{"rendered":"<p>Se cont\u00f3 con la presencia del Coordinador de Desarrollo Social Corresponsales Una breve posada del proyecto OS-ER se llev\u00f3 a cabo este domingo 18 de diciembre en colonias de alta&#8230;<\/p>\n","protected":false},"author":1,"featured_media":0,"comment_status":"closed","ping_status":"open","sticky":false,"template":"","format":"standard","meta":{"footnotes":""},"categories":[3],"tags":[],"class_list":["post-1461","post","type-post","status-publish","format-standard","hentry","category-cerritos","entry","simple"],"_links":{"self":[{"href":"https:\/\/www.plurinominal.com.mx\/index.php?rest_route=\/wp\/v2\/posts\/1461","targetHints":{"allow":["GET"]}}],"collection":[{"href":"https:\/\/www.plurinominal.com.mx\/index.php?rest_route=\/wp\/v2\/posts"}],"about":[{"href":"https:\/\/www.plurinominal.com.mx\/index.php?rest_route=\/wp\/v2\/types\/post"}],"author":[{"embeddable":true,"href":"https:\/\/www.plurinominal.com.mx\/index.php?rest_route=\/wp\/v2\/users\/1"}],"replies":[{"embeddable":true,"href":"https:\/\/www.plurinominal.com.mx\/index.php?rest_route=%2Fwp%2Fv2%2Fcomments&post=1461"}],"version-history":[{"count":0,"href":"https:\/\/www.plurinominal.com.mx\/index.php?rest_route=\/wp\/v2\/posts\/1461\/revisions"}],"wp:attachment":[{"href":"https:\/\/www.plurinominal.com.mx\/index.php?rest_route=%2Fwp%2Fv2%2Fmedia&parent=1461"}],"wp:term":[{"taxonomy":"category","embeddable":true,"href":"https:\/\/www.plurinominal.com.mx\/index.php?rest_route=%2Fwp%2Fv2%2Fcategories&post=1461"},{"taxonomy":"post_tag","embeddable":true,"href":"https:\/\/www.plurinominal.com.mx\/index.php?rest_route=%2Fwp%2Fv2%2Ftags&post=1461"}],"curies":[{"name":"wp","href":"https:\/\/api.w.org\/{rel}","templated":true}]}}